{"id":22035,"date":"2024-12-11T19:00:19","date_gmt":"2024-12-11T19:00:19","guid":{"rendered":"https:\/\/radiocresatelital.com\/?p=22035"},"modified":"2024-12-11T22:07:14","modified_gmt":"2024-12-11T22:07:14","slug":"fotos-con-papa-noel-en-mall-del-sur-para-crear-recuerdos-inolvidables","status":"publish","type":"post","link":"https:\/\/radiocresatelital.com\/?p=22035","title":{"rendered":"Fotos con Pap\u00e1 Noel en Mall del Sur para crear recuerdos inolvidables"},"content":{"rendered":"<p class=\"x_MsoNormal\"><span lang=\"ES\" data-olk-copy-source=\"MessageBody\">Guayaquil.- Mall del Sur<\/span><span lang=\"ES\">\u00a0celebra\u00a020 Navidades Junto a sus clientes, y dentro de las actividades que ha organizado para ambientar con alegr\u00eda y magia estas festividades, propone\u00a0los encuentros con Pap\u00e1 Noel para captar incre\u00edbles fotos,\u00a0acompa\u00f1ado de grandes y chicos.<\/span><span lang=\"ES\">\u00a0<\/span><\/p>\n<p class=\"x_MsoNormal\"><span lang=\"ES\">As\u00ed, los\u00a0s\u00e1bados y domingos 14, 15, 21 y 22 de 16h00 a 18h30 locales (21h00 a 23h30 GMT); el lunes 23 de 16h00 a 19h00 locales (21h00 a 00h00 GMT) y martes 24 de diciembre de 15h00 a 18h00 locales (20h00 a 23h00 GMT), los visitantes y clientes de Mall del Sur podr\u00e1n disfrutar de una reuni\u00f3n muy especial con este querido personaje, para tomarse una fotograf\u00eda familiar o entre amigos y crear recuerdos inolvidables.<\/span><span lang=\"ES\">\u00a0<\/span><\/p>\n<p class=\"x_MsoNormal\"><span lang=\"ES\">Para m\u00e1s informaci\u00f3n de la agenda de actividades preparada por el centro comercial, visite las redes sociales: Facebook e Instagram @malldelsur.<\/span><\/p>\n","protected":false},"excerpt":{"rendered":"<p>Guayaquil.- Mall del Sur\u00a0celebra\u00a020 Navidades Junto a sus clientes, y dentro de las actividades que ha organizado para ambientar con alegr\u00eda y magia estas festividades, propone\u00a0los encuentros con Pap\u00e1 Noel para captar incre\u00edbles fotos,\u00a0acompa\u00f1ado de grandes y chicos.\u00a0 As\u00ed, los\u00a0s\u00e1bados y domingos 14, 15, 21 y 22 de 16h00 a 18h30 locales (21h00 a 23h30 [&hellip;]<\/p>\n","protected":false},"author":2,"featured_media":22036,"comment_status":"open","ping_status":"closed","sticky":false,"template":"","format":"standard","meta":{"_jetpack_memberships_contains_paid_content":false,"footnotes":""},"categories":[13],"tags":[246],"class_list":["post-22035","post","type-post","status-publish","format-standard","has-post-thumbnail","hentry","category-noticias-nacionales","tag-mall-del-sur"],"jetpack_featured_media_url":"https:\/\/radiocresatelital.com\/wp-content\/uploads\/2024\/12\/PAPA-NOEL-2.jpg","jetpack_sharing_enabled":true,"_links":{"self":[{"href":"https:\/\/radiocresatelital.com\/index.php?rest_route=\/wp\/v2\/posts\/22035","targetHints":{"allow":["GET"]}}],"collection":[{"href":"https:\/\/radiocresatelital.com\/index.php?rest_route=\/wp\/v2\/posts"}],"about":[{"href":"https:\/\/radiocresatelital.com\/index.php?rest_route=\/wp\/v2\/types\/post"}],"author":[{"embeddable":true,"href":"https:\/\/radiocresatelital.com\/index.php?rest_route=\/wp\/v2\/users\/2"}],"replies":[{"embeddable":true,"href":"https:\/\/radiocresatelital.com\/index.php?rest_route=%2Fwp%2Fv2%2Fcomments&post=22035"}],"version-history":[{"count":1,"href":"https:\/\/radiocresatelital.com\/index.php?rest_route=\/wp\/v2\/posts\/22035\/revisions"}],"predecessor-version":[{"id":22037,"href":"https:\/\/radiocresatelital.com\/index.php?rest_route=\/wp\/v2\/posts\/22035\/revisions\/22037"}],"wp:featuredmedia":[{"embeddable":true,"href":"https:\/\/radiocresatelital.com\/index.php?rest_route=\/wp\/v2\/media\/22036"}],"wp:attachment":[{"href":"https:\/\/radiocresatelital.com\/index.php?rest_route=%2Fwp%2Fv2%2Fmedia&parent=22035"}],"wp:term":[{"taxonomy":"category","embeddable":true,"href":"https:\/\/radiocresatelital.com\/index.php?rest_route=%2Fwp%2Fv2%2Fcategories&post=22035"},{"taxonomy":"post_tag","embeddable":true,"href":"https:\/\/radiocresatelital.com\/index.php?rest_route=%2Fwp%2Fv2%2Ftags&post=22035"}],"curies":[{"name":"wp","href":"https:\/\/api.w.org\/{rel}","templated":true}]}}