{"id":22030,"date":"2024-12-11T21:26:10","date_gmt":"2024-12-11T21:26:10","guid":{"rendered":"https:\/\/radiocresatelital.com\/?p=22030"},"modified":"2024-12-11T21:26:10","modified_gmt":"2024-12-11T21:26:10","slug":"feria-navidena-en-puerto-santa-ana-organizada-por-epico-genera-mas-de-usd-10-000-en-ventas","status":"publish","type":"post","link":"https:\/\/radiocresatelital.com\/?p=22030","title":{"rendered":"Feria Navide\u00f1a en Puerto Santa Ana organizada por \u00c9PICO genera m\u00e1s de USD 10.000 en ventas"},"content":{"rendered":"<p>Guayaquil.- La Empresa P\u00fablica Municipal para la Gesti\u00f3n de la Innovaci\u00f3n y la Competitividad (\u00c9PICO) realiz\u00f3 el pasado fin de semana una Feria Navide\u00f1a con el objetivo de impulsar la econom\u00eda de 60 microempresarios.<\/p>\n<p>En esta feria se ofreci\u00f3 una variada selecci\u00f3n de productos gastron\u00f3micos, de decoraci\u00f3n, moda, belleza, art\u00edculos para mascotas y opciones de regalo para las festividades. Durante esta actividad los emprendedores reportaron ventas por USD 10.831,50 aportando a la reactivaci\u00f3n del comercio local.<\/p>\n<p>Como parte de la feria, 15 de emprendedoras del sector gastron\u00f3mico, junto a la Escuela de los Chefs prepararon un bizcocho navide\u00f1o de 20 metros de longitud, el cual fue repartido de forma gratuita a cerca de 600 asistentes al evento.<\/p>\n<p>Adem\u00e1s, el p\u00fablico pudo disfrutar de espect\u00e1culos navide\u00f1os, m\u00fasica en vivo y espacios de entretenimiento familiar.<\/p>\n<p>Con este tipo de actividades, \u00c9PICO aporta directamente al desarrollo de la econom\u00eda, creando espacios para que los emprendedores guayaquile\u00f1os den a conocer sus productos, convirtiendo a la Ciudad de Todos en un destino tur\u00edstico comercial en estas fiestas.<\/p>\n","protected":false},"excerpt":{"rendered":"<p>Guayaquil.- La Empresa P\u00fablica Municipal para la Gesti\u00f3n de la Innovaci\u00f3n y la Competitividad (\u00c9PICO) realiz\u00f3 el pasado fin de semana una Feria Navide\u00f1a con el objetivo de impulsar la econom\u00eda de 60 microempresarios. En esta feria se ofreci\u00f3 una variada selecci\u00f3n de productos gastron\u00f3micos, de decoraci\u00f3n, moda, belleza, art\u00edculos para mascotas y opciones de [&hellip;]<\/p>\n","protected":false},"author":2,"featured_media":12666,"comment_status":"open","ping_status":"closed","sticky":false,"template":"","format":"standard","meta":{"_jetpack_memberships_contains_paid_content":false,"footnotes":""},"categories":[13],"tags":[3480],"class_list":["post-22030","post","type-post","status-publish","format-standard","has-post-thumbnail","hentry","category-noticias-nacionales","tag-empresa-publica-municipal-para-la-gestion-de-la-innovacion-y-la-competitividad"],"jetpack_featured_media_url":"https:\/\/radiocresatelital.com\/wp-content\/uploads\/2024\/04\/Epico.jpg","jetpack_sharing_enabled":true,"_links":{"self":[{"href":"https:\/\/radiocresatelital.com\/index.php?rest_route=\/wp\/v2\/posts\/22030","targetHints":{"allow":["GET"]}}],"collection":[{"href":"https:\/\/radiocresatelital.com\/index.php?rest_route=\/wp\/v2\/posts"}],"about":[{"href":"https:\/\/radiocresatelital.com\/index.php?rest_route=\/wp\/v2\/types\/post"}],"author":[{"embeddable":true,"href":"https:\/\/radiocresatelital.com\/index.php?rest_route=\/wp\/v2\/users\/2"}],"replies":[{"embeddable":true,"href":"https:\/\/radiocresatelital.com\/index.php?rest_route=%2Fwp%2Fv2%2Fcomments&post=22030"}],"version-history":[{"count":1,"href":"https:\/\/radiocresatelital.com\/index.php?rest_route=\/wp\/v2\/posts\/22030\/revisions"}],"predecessor-version":[{"id":22031,"href":"https:\/\/radiocresatelital.com\/index.php?rest_route=\/wp\/v2\/posts\/22030\/revisions\/22031"}],"wp:featuredmedia":[{"embeddable":true,"href":"https:\/\/radiocresatelital.com\/index.php?rest_route=\/wp\/v2\/media\/12666"}],"wp:attachment":[{"href":"https:\/\/radiocresatelital.com\/index.php?rest_route=%2Fwp%2Fv2%2Fmedia&parent=22030"}],"wp:term":[{"taxonomy":"category","embeddable":true,"href":"https:\/\/radiocresatelital.com\/index.php?rest_route=%2Fwp%2Fv2%2Fcategories&post=22030"},{"taxonomy":"post_tag","embeddable":true,"href":"https:\/\/radiocresatelital.com\/index.php?rest_route=%2Fwp%2Fv2%2Ftags&post=22030"}],"curies":[{"name":"wp","href":"https:\/\/api.w.org\/{rel}","templated":true}]}}