{"id":22020,"date":"2024-12-11T18:54:49","date_gmt":"2024-12-11T18:54:49","guid":{"rendered":"https:\/\/radiocresatelital.com\/?p=22020"},"modified":"2024-12-11T20:57:45","modified_gmt":"2024-12-11T20:57:45","slug":"la-marca-p-a-n-celebra-64-anos-en-el-mercado","status":"publish","type":"post","link":"https:\/\/radiocresatelital.com\/?p=22020","title":{"rendered":"La marca P.A.N. celebra 64 a\u00f1os en el mercado"},"content":{"rendered":"<p>Guayaquil.- Desde el 10 de diciembre de 1960, P.A.N. se convirti\u00f3 en una marca emblema para los venezolanos y pas\u00f3 a ser la marca bandera para Empresas Polar a escala internacional. Hoy, 64 a\u00f1os despu\u00e9s, se han impulsado distintos desarrollos que est\u00e1n cerca de miles de consumidores alrededor del mundo con, adem\u00e1s de la conocida harina, productos congelados, salsas, untables, atunes, pastas, snacks, entre otros.<\/p>\n<p>\u201cNos gusta celebrar cada aniversario en el que crecemos y nos expandimos, porque cada a\u00f1o se escribe un cap\u00edtulo m\u00e1s en nuestra historia como marca. Desde ya, nos estamos preparando con mucho entusiasmo para celebrar por todo lo alto, en todo el mundo, nuestro 65 aniversario el a\u00f1o que viene\u201d, coment\u00f3 Mar\u00eda Alexandra Mendoza, directora de Mercadeo del Negocio Internacional de Empresas Polar.<\/p>\n<p>Para los venezolanos, dentro y fuera del pa\u00eds, P.A.N. se ha convertido en una love brand y para el consumidor global, que han aprendido a conocerla a trav\u00e9s de las arepas, la reconocen como un s\u00edmbolo de identidad latinoamericana.<\/p>\n<p>\u201cP.A.N. es una marca que desde sus inicios logr\u00f3 conexi\u00f3n con los consumidores. Al principio, nuestra harina lleg\u00f3 para hacerle la vida m\u00e1s f\u00e1cil a los venezolanos y hoy buscamos hacer lo mismo con nuestros productos convenientes y pr\u00e1cticos que se adaptan a una sociedad moderna, que quiere mantener el sabor y la calidad sin sacrificar tiempo para compartir. En este 64 aniversario, P.A.N. posiciona globalmente la frase \u201c64 a\u00f1os en tus manos\u201d como una manera de representar esa cercan\u00eda que desde siempre ha habido entre la marca y sus consumidores\u201d, agreg\u00f3 Mendoza.<\/p>\n<p>El potencial de expansi\u00f3n de P.A.N. no tiene l\u00edmites. Con su incursi\u00f3n en nuevas categor\u00edas y crecimiento en variedad en las que ya participa, la marca busca seguir cautivando a sus consumidores tradicionales y conquistando nuevos mercados alrededor del mundo. Ecuador es un fiel ejemplo de ello, para 2025, alineados a la estrategia local de ampliar su portafolio de productos, P.A.N. apunta por fortalecer su presencia en el mercado ecuatoriano con el ingreso de nuevas categor\u00edas de producto como alimento para snacks, untables y congelados.<\/p>\n","protected":false},"excerpt":{"rendered":"<p>Guayaquil.- Desde el 10 de diciembre de 1960, P.A.N. se convirti\u00f3 en una marca emblema para los venezolanos y pas\u00f3 a ser la marca bandera para Empresas Polar a escala internacional. Hoy, 64 a\u00f1os despu\u00e9s, se han impulsado distintos desarrollos que est\u00e1n cerca de miles de consumidores alrededor del mundo con, adem\u00e1s de la conocida [&hellip;]<\/p>\n","protected":false},"author":2,"featured_media":22021,"comment_status":"open","ping_status":"closed","sticky":false,"template":"","format":"standard","meta":{"_jetpack_memberships_contains_paid_content":false,"footnotes":""},"categories":[13],"tags":[3479],"class_list":["post-22020","post","type-post","status-publish","format-standard","has-post-thumbnail","hentry","category-noticias-nacionales","tag-pan"],"jetpack_featured_media_url":"https:\/\/radiocresatelital.com\/wp-content\/uploads\/2024\/12\/WhatsApp-Image-2024-12-11-at-14.55.23.jpeg","jetpack_sharing_enabled":true,"_links":{"self":[{"href":"https:\/\/radiocresatelital.com\/index.php?rest_route=\/wp\/v2\/posts\/22020","targetHints":{"allow":["GET"]}}],"collection":[{"href":"https:\/\/radiocresatelital.com\/index.php?rest_route=\/wp\/v2\/posts"}],"about":[{"href":"https:\/\/radiocresatelital.com\/index.php?rest_route=\/wp\/v2\/types\/post"}],"author":[{"embeddable":true,"href":"https:\/\/radiocresatelital.com\/index.php?rest_route=\/wp\/v2\/users\/2"}],"replies":[{"embeddable":true,"href":"https:\/\/radiocresatelital.com\/index.php?rest_route=%2Fwp%2Fv2%2Fcomments&post=22020"}],"version-history":[{"count":1,"href":"https:\/\/radiocresatelital.com\/index.php?rest_route=\/wp\/v2\/posts\/22020\/revisions"}],"predecessor-version":[{"id":22022,"href":"https:\/\/radiocresatelital.com\/index.php?rest_route=\/wp\/v2\/posts\/22020\/revisions\/22022"}],"wp:featuredmedia":[{"embeddable":true,"href":"https:\/\/radiocresatelital.com\/index.php?rest_route=\/wp\/v2\/media\/22021"}],"wp:attachment":[{"href":"https:\/\/radiocresatelital.com\/index.php?rest_route=%2Fwp%2Fv2%2Fmedia&parent=22020"}],"wp:term":[{"taxonomy":"category","embeddable":true,"href":"https:\/\/radiocresatelital.com\/index.php?rest_route=%2Fwp%2Fv2%2Fcategories&post=22020"},{"taxonomy":"post_tag","embeddable":true,"href":"https:\/\/radiocresatelital.com\/index.php?rest_route=%2Fwp%2Fv2%2Ftags&post=22020"}],"curies":[{"name":"wp","href":"https:\/\/api.w.org\/{rel}","templated":true}]}}