{"id":22016,"date":"2024-12-11T20:52:21","date_gmt":"2024-12-11T20:52:21","guid":{"rendered":"https:\/\/radiocresatelital.com\/?p=22016"},"modified":"2024-12-11T20:52:42","modified_gmt":"2024-12-11T20:52:42","slug":"22016","status":"publish","type":"post","link":"https:\/\/radiocresatelital.com\/?p=22016","title":{"rendered":"\u201cJ\u00f3venes de Monte Sina\u00ed en un Recorrido Inolvidable\u201d"},"content":{"rendered":"<p>Guayaquil.- La Gobernaci\u00f3n del Guayas, en el marco de la campa\u00f1a Navidad Guayasense, organiz\u00f3 el evento \u201cJuntos Compartimos\u201d, un ameno recorrido por las instalaciones del Museo Antropol\u00f3gico y de Arte Contempor\u00e1neo (MAAC) de Guayaquil, dirigido a un grupo de j\u00f3venes estudiantes de Monte Sina\u00ed.<\/p>\n<p>El evento tuvo como objetivo acercar a estos j\u00f3venes a la cultura y el arte, permiti\u00e9ndoles conocer espacios que antes les eran desconocidos. Este tipo de actividades busca visibilizar a todos los sectores de la ciudad y darles acceso a nuevas oportunidades.<\/p>\n<p>Durante el recorrido, los j\u00f3venes pudieron disfrutar de diversas exposiciones y aprender sobre la historia y el arte contempor\u00e1neo de la regi\u00f3n. Adem\u00e1s, se cont\u00f3 con la participaci\u00f3n de personal del Ministerio de Patrimonio y Cultura, que dirigi\u00f3 a los estudiantes durante su visita, brindando detalles sobre las obras y el patrimonio cultural de la ciudad. Esta experiencia fue una oportunidad \u00fanica para que los j\u00f3venes de Monte Sina\u00ed ampliaran sus horizontes culturales y educativos.<\/p>\n<p>El evento cont\u00f3 con la presencia del Intendente de Polic\u00eda, Jos\u00e9 Carlo Freire, el Coordinador Zonal 8 del Ministerio de Gobierno, Santiago R\u00edos, y el Jefe Pol\u00edtico de Guayaquil, Daniel Rivadeneira. Al final del recorrido, estos representantes del gobierno compartieron un conversatorio con los j\u00f3venes, en el<br \/>\nque destacaron la importancia de la reconciliaci\u00f3n y la esperanza en estas fechas de adviento.<\/p>\n<p>Durante el encuentro, se ofreci\u00f3 un mensaje de unidad y trabajo en equipo, valores que se desean fomentar en la sociedad guayasense.<\/p>\n<p>De esta forma el Gobernador del Guayas, Vicente Auad, resalta que para la Gobernaci\u00f3n siempre ser\u00e1 una prioridad llevar a cabo actividades que promuevan la integraci\u00f3n y permitan que los j\u00f3venes brillen por sus capacidades y habilidades. \u201cEstas fechas de Navidad evocan la unidad familiar y el trabajo en equipo. Es fundamental que todos los sectores de nuestra provincia se sientan parte de estas celebraciones\u201d, es el mensaje que embandera la m\u00e1xima autoridad de la provincia.<\/p>\n<p>La log\u00edstica del evento fue posible gracias a la coordinaci\u00f3n con la Comisi\u00f3n de Tr\u00e1nsito del Ecuador, que se encarg\u00f3 del transporte de los estudiantes desde Monte Sina\u00ed hasta el centro de Guayaquil y su posterior retorno a la Unidad Educativa Marieta de Veintimilla. Este apoyo log\u00edstico garantiz\u00f3 que los j\u00f3venes pudieran disfrutar de la actividad sin inconvenientes, mostrando la colaboraci\u00f3n entre distintas entidades para llevar a cabo proyectos que beneficien a la comunidad.<\/p>\n<p>Con este tipo de iniciativas, la Gobernaci\u00f3n del Guayas contin\u00faa con su labor de promover valores de prosperidad, paz y esperanza en todos los rincones de la provincia. Durante las festividades de diciembre, la campa\u00f1a Navidad Guayasense sigue llevando un mensaje de unidad a los sectores m\u00e1s necesitados, contribuyendo a que cada vez m\u00e1s j\u00f3venes se involucren en actividades que fomenten su desarrollo personal y colectivo.<\/p>\n","protected":false},"excerpt":{"rendered":"<p>Guayaquil.- La Gobernaci\u00f3n del Guayas, en el marco de la campa\u00f1a Navidad Guayasense, organiz\u00f3 el evento \u201cJuntos Compartimos\u201d, un ameno recorrido por las instalaciones del Museo Antropol\u00f3gico y de Arte Contempor\u00e1neo (MAAC) de Guayaquil, dirigido a un grupo de j\u00f3venes estudiantes de Monte Sina\u00ed. El evento tuvo como objetivo acercar a estos j\u00f3venes a la [&hellip;]<\/p>\n","protected":false},"author":2,"featured_media":22017,"comment_status":"open","ping_status":"closed","sticky":false,"template":"","format":"standard","meta":{"_jetpack_memberships_contains_paid_content":false,"footnotes":""},"categories":[13],"tags":[964,3478],"class_list":["post-22016","post","type-post","status-publish","format-standard","has-post-thumbnail","hentry","category-noticias-nacionales","tag-gobernacion-del-guayas","tag-navidad-guayasense"],"jetpack_featured_media_url":"https:\/\/radiocresatelital.com\/wp-content\/uploads\/2024\/12\/WhatsApp-Image-2024-12-11-at-14.55.55.jpeg","jetpack_sharing_enabled":true,"_links":{"self":[{"href":"https:\/\/radiocresatelital.com\/index.php?rest_route=\/wp\/v2\/posts\/22016","targetHints":{"allow":["GET"]}}],"collection":[{"href":"https:\/\/radiocresatelital.com\/index.php?rest_route=\/wp\/v2\/posts"}],"about":[{"href":"https:\/\/radiocresatelital.com\/index.php?rest_route=\/wp\/v2\/types\/post"}],"author":[{"embeddable":true,"href":"https:\/\/radiocresatelital.com\/index.php?rest_route=\/wp\/v2\/users\/2"}],"replies":[{"embeddable":true,"href":"https:\/\/radiocresatelital.com\/index.php?rest_route=%2Fwp%2Fv2%2Fcomments&post=22016"}],"version-history":[{"count":2,"href":"https:\/\/radiocresatelital.com\/index.php?rest_route=\/wp\/v2\/posts\/22016\/revisions"}],"predecessor-version":[{"id":22019,"href":"https:\/\/radiocresatelital.com\/index.php?rest_route=\/wp\/v2\/posts\/22016\/revisions\/22019"}],"wp:featuredmedia":[{"embeddable":true,"href":"https:\/\/radiocresatelital.com\/index.php?rest_route=\/wp\/v2\/media\/22017"}],"wp:attachment":[{"href":"https:\/\/radiocresatelital.com\/index.php?rest_route=%2Fwp%2Fv2%2Fmedia&parent=22016"}],"wp:term":[{"taxonomy":"category","embeddable":true,"href":"https:\/\/radiocresatelital.com\/index.php?rest_route=%2Fwp%2Fv2%2Fcategories&post=22016"},{"taxonomy":"post_tag","embeddable":true,"href":"https:\/\/radiocresatelital.com\/index.php?rest_route=%2Fwp%2Fv2%2Ftags&post=22016"}],"curies":[{"name":"wp","href":"https:\/\/api.w.org\/{rel}","templated":true}]}}