{"id":22010,"date":"2024-12-11T18:25:30","date_gmt":"2024-12-11T18:25:30","guid":{"rendered":"https:\/\/radiocresatelital.com\/?p=22010"},"modified":"2024-12-11T20:39:25","modified_gmt":"2024-12-11T20:39:25","slug":"navidad-en-policentro-horarios-extendidos-sorteos-fotos-con-papa-noel-y-un-pueblito-navideno-para-los-visitantes","status":"publish","type":"post","link":"https:\/\/radiocresatelital.com\/?p=22010","title":{"rendered":"Navidad en Policentro: horarios extendidos, sorteos, fotos con Pap\u00e1 Noel y un pueblito navide\u00f1o para los visitantes"},"content":{"rendered":"<p>Guayaquil.- Policentro, el primer centro comercial de Guayaquil, confirma que estar\u00e1 abierto durante la temporada navide\u00f1a (24 y 25 de diciembre) para brindar a sus visitantes la mejor experiencia de compras y actividades en familia. Este a\u00f1o, adem\u00e1s, detalla sobre su campa\u00f1a navide\u00f1a, que incluye el sorteo de veh\u00edculos SUV como parte de su iniciativa \u201cEl Mejor Give Away de Navidad\u201d y otras sorpresas exclusivas para sus visitantes.<\/p>\n<p><strong>Horarios de atenci\u00f3n en diciembre<\/strong><br \/>\nCon el objetivo de facilitar las compras y el disfrute de la \u00e9poca festiva, Policentro operar\u00e1 con horarios extendidos y ajustados en diciembre:<br \/>\n\u25cf Del viernes 13 al lunes 23 de diciembre: 10h00 a 21h00 locales (15h00 a 00h00 GMT)<br \/>\n\u25cf Martes 24 de diciembre: 10h00 a 20h00 locales (15h00 a 01h00 GMT)<br \/>\n\u25cf Del Mi\u00e9rcoles 25 de diciembre al lunes 30 de diciembre: 10h00 a 20h00 locales (15h00 a 01h00 GMT)<br \/>\n\u25cf Martes 31 de diciembre: 10h00 a 18h00 locales (15h00 a 23h00 GMT)<br \/>\n\u25cf Mi\u00e9rcoles 1 de enero de 2025: cerrado<\/p>\n<p><strong>Fotos con Pap\u00e1 Noel y un pueblito navide\u00f1o \u00fanico<\/strong><br \/>\nEste a\u00f1o, Policentro invita a sus visitantes a vivir la magia de la Navidad con un \u201cspot\u201d decorado como un acogedor pueblito navide\u00f1o, ubicado junto a la plazoleta de Baskin Robbins. Este espacio encantador est\u00e1 dise\u00f1ado para que las personas puedan tomarse fotos completamente gratis, en un ambiente c\u00e1lido y festivo que captura la esencia navide\u00f1a.<\/p>\n<p>Adem\u00e1s, Pap\u00e1 Noel estar\u00e1 presente para compartir momentos especiales con las familias. Presentando facturas acumulables de $15 o m\u00e1s, los clientes podr\u00e1n tomarse fotograf\u00edas con Santa en un espacio m\u00e1gico dise\u00f1ado para esta temporada.<\/p>\n<p>\ud83d\udcc5 Fechas: Todos los s\u00e1bados y domingos, del 14 al 24 de diciembre<br \/>\n\ud83d\udd57 Horario: De 16h00 a 19h00 locales (21h00 a 00h00 GMT)<br \/>\n\ud83d\udccd Lugar: Junto a la plazoleta de El D\u00f3lar<br \/>\n**Excepci\u00f3n: el 24 de diciembre la actividad estar\u00e1 de 16h00 a 18h00 locales (21h00 a 23h00 GMT).<\/p>\n<p><strong>Promociones navide\u00f1as: la oportunidad de ganar dos SUV<\/strong><br \/>\nComo parte de su campa\u00f1a \u201cEl Mejor Give Away de Navidad\u201d, Policentro tiene m\u00e1s sorpresas para sus clientes. Tras la entrega del primer SUV a un seguidor en redes sociales, ahora se sortear\u00e1n dos veh\u00edculos adicionales entre quienes realicen compras en el centro comercial.<\/p>\n<p><strong>\u00bfC\u00f3mo participar?<\/strong><br \/>\n\u25cf Acumula $25 en compras realizadas desde el 8 de noviembre y recibe un cup\u00f3n.<br \/>\n\u25cf Canjea las facturas en el punto de atenci\u00f3n ubicado frente a la plazoleta de El D\u00f3lar y junto a Italian Deli.<\/p>\n<p>Los sorteos se llevar\u00e1n a cabo el 20 de diciembre y el 7 de enero, en los cuales los finalistas participar\u00e1n en una din\u00e1mica de recolecci\u00f3n de regalos dentro de Policentro, sumando puntos para ganar el gran premio.<\/p>\n","protected":false},"excerpt":{"rendered":"<p>Guayaquil.- Policentro, el primer centro comercial de Guayaquil, confirma que estar\u00e1 abierto durante la temporada navide\u00f1a (24 y 25 de diciembre) para brindar a sus visitantes la mejor experiencia de compras y actividades en familia. Este a\u00f1o, adem\u00e1s, detalla sobre su campa\u00f1a navide\u00f1a, que incluye el sorteo de veh\u00edculos SUV como parte de su iniciativa [&hellip;]<\/p>\n","protected":false},"author":2,"featured_media":22011,"comment_status":"open","ping_status":"closed","sticky":false,"template":"","format":"standard","meta":{"_jetpack_memberships_contains_paid_content":false,"footnotes":""},"categories":[13],"tags":[3476],"class_list":["post-22010","post","type-post","status-publish","format-standard","has-post-thumbnail","hentry","category-noticias-nacionales","tag-centro-comercial-policentro"],"jetpack_featured_media_url":"https:\/\/radiocresatelital.com\/wp-content\/uploads\/2024\/12\/WhatsApp-Image-2024-12-11-at-14.50.58.jpeg","jetpack_sharing_enabled":true,"_links":{"self":[{"href":"https:\/\/radiocresatelital.com\/index.php?rest_route=\/wp\/v2\/posts\/22010","targetHints":{"allow":["GET"]}}],"collection":[{"href":"https:\/\/radiocresatelital.com\/index.php?rest_route=\/wp\/v2\/posts"}],"about":[{"href":"https:\/\/radiocresatelital.com\/index.php?rest_route=\/wp\/v2\/types\/post"}],"author":[{"embeddable":true,"href":"https:\/\/radiocresatelital.com\/index.php?rest_route=\/wp\/v2\/users\/2"}],"replies":[{"embeddable":true,"href":"https:\/\/radiocresatelital.com\/index.php?rest_route=%2Fwp%2Fv2%2Fcomments&post=22010"}],"version-history":[{"count":1,"href":"https:\/\/radiocresatelital.com\/index.php?rest_route=\/wp\/v2\/posts\/22010\/revisions"}],"predecessor-version":[{"id":22012,"href":"https:\/\/radiocresatelital.com\/index.php?rest_route=\/wp\/v2\/posts\/22010\/revisions\/22012"}],"wp:featuredmedia":[{"embeddable":true,"href":"https:\/\/radiocresatelital.com\/index.php?rest_route=\/wp\/v2\/media\/22011"}],"wp:attachment":[{"href":"https:\/\/radiocresatelital.com\/index.php?rest_route=%2Fwp%2Fv2%2Fmedia&parent=22010"}],"wp:term":[{"taxonomy":"category","embeddable":true,"href":"https:\/\/radiocresatelital.com\/index.php?rest_route=%2Fwp%2Fv2%2Fcategories&post=22010"},{"taxonomy":"post_tag","embeddable":true,"href":"https:\/\/radiocresatelital.com\/index.php?rest_route=%2Fwp%2Fv2%2Ftags&post=22010"}],"curies":[{"name":"wp","href":"https:\/\/api.w.org\/{rel}","templated":true}]}}