{"id":22004,"date":"2024-12-11T20:17:33","date_gmt":"2024-12-11T20:17:33","guid":{"rendered":"https:\/\/radiocresatelital.com\/?p=22004"},"modified":"2024-12-11T20:59:57","modified_gmt":"2024-12-11T20:59:57","slug":"gobierno-nacional-imulsa-el-progreso-rural-en-el-oro-azuay-y-loja-con-entrega-de-titulos-y-programas-juveniles","status":"publish","type":"post","link":"https:\/\/radiocresatelital.com\/?p=22004","title":{"rendered":"Gobierno Nacional impulsa el progreso rural en El Oro, Azuay y Loja con entrega de t\u00edtulos y programas juveniles"},"content":{"rendered":"<p>Machala.- El Gobierno Nacional a trav\u00e9s del Ministerio de Agricultura y Ganader\u00eda (MAG) entreg\u00f3 beneficios a peque\u00f1os y medianos productores agropecuarios de El Oro, Azuay y Loja. En el evento, que cont\u00f3 con la presencia del presidente Daniel Noboa, se socializ\u00f3 el programa J\u00f3venes en Acci\u00f3n, una iniciativa dirigida a j\u00f3venes de 18 a 29 a\u00f1os para apoyar su incursi\u00f3n en actividades agr\u00edcolas y ganaderas, fortaleciendo el desarrollo rural y la inclusi\u00f3n juvenil en proyectos productivos.<\/p>\n<p>El presidente Noboa destac\u00f3 que su administraci\u00f3n no solo vuelve los ojos al campo, sino que act\u00faa de manera constante apoyando a los agroproductores. \u201cEl campo no se abandona ni se olvida. Hay que darle lo que necesita: trabajo, posibilidades y asistencia\u201d. En ese sentido, a\u00f1adi\u00f3: \u201cel apoyo a su trabajo pasa por entregarles servicios y bienes de calidad para que ustedes y sus familias alcancen mejores niveles de vida\u201d.<\/p>\n<p>Entre los beneficios entregados durante la jornada se incluyeron tres unidades m\u00f3viles agroproductivas, 34 Certificados y Carnets de Agricultura Familiar y Campesina, 51 t\u00edtulos de propiedad de tierras rurales y 30 paquetes tecnol\u00f3gicos. \u201cAs\u00ed atendemos al campo\u201d, asever\u00f3 el Mandatario, destacando la importancia de los t\u00edtulos de propiedad como una herramienta clave \u201cpara legalizar la tenencia de su tierra, y, m\u00e1s adelante, la posibilidad de hacer inversiones propias con cr\u00e9ditos a bajo inter\u00e9s\u201d.<\/p>\n<p>El Mandatario subray\u00f3 adem\u00e1s el papel estrat\u00e9gico de las provincias beneficiadas: \u201cLa provincia de El Oro, as\u00ed como Azuay y Loja, necesitan consolidarse como motores de desarrollo econ\u00f3mico en materia agr\u00edcola\u201d, enfatiz\u00f3, reconociendo el potencial de estas zonas para fortalecer el crecimiento del pa\u00eds.<\/p>\n<p>Asimismo, en el marco del evento, se socializ\u00f3 el programa J\u00f3venes en Acci\u00f3n, que ofrece oportunidades a j\u00f3venes interesados en incursionar en actividades agr\u00edcolas y ganaderas, con el respaldo del MAG. Los participantes, adem\u00e1s de recibir capacitaci\u00f3n, obtendr\u00e1n un pago de USD 400 por su trabajo, como incentivo \u201cLos invito a que tomen el liderazgo, a que sigan el ejemplo de sus padres y sus abuelos, a que contin\u00faen con esta tarea tan noble como productiva si es bien hecha\u201d, se\u00f1al\u00f3<\/p>\n<p>El ministro de Agricultura y Ganader\u00eda, Danilo Palacios, indic\u00f3 que los j\u00f3venes recibir\u00e1n capacitaci\u00f3n en el uso de herramientas tecnol\u00f3gicas para levantar informaci\u00f3n de productores de cacao y caf\u00e9; compilar datos del sector agr\u00edcola, pecuario y forestal, a fin de obtener una visi\u00f3n integral del territorio y apoyar a t\u00e9cnicos que capacitan a organizaciones de peque\u00f1os productores. \u201cQuienes participen en este programa van a recibir un certificado avalado por el MAG para incorporar la experiencia adquirida a su hoja de vida. Saldr\u00e1n capacitados con mayores habilidades para postular a trabajos del sector agropecuario\u201d,<br \/>\nindic\u00f3.<\/p>\n<p>Mikaela \u00c1ngel, beneficiaria del programa J\u00f3venes en Acci\u00f3n, agradeci\u00f3 al presidente Noboa por impulsar esta iniciativa que brinda posibilidades a la juventud ecuatoriana: \u201cSe\u00f1or Presidente, usted, al ser un presidente joven, sabe las necesidades que tenemos. Con este proyecto, nos ha dado la oportunidad de adquirir experiencia\u201d, expres\u00f3.<\/p>\n<p>De esta manera, el Gobierno Nacional reafirma su compromiso de fortalecer el desarrollo rural e incluir a la juventud en proyectos productivos, consolidando el sector agropecuario como un pilar del crecimiento econ\u00f3mico del pa\u00eds.<\/p>\n","protected":false},"excerpt":{"rendered":"<p>Machala.- El Gobierno Nacional a trav\u00e9s del Ministerio de Agricultura y Ganader\u00eda (MAG) entreg\u00f3 beneficios a peque\u00f1os y medianos productores agropecuarios de El Oro, Azuay y Loja. En el evento, que cont\u00f3 con la presencia del presidente Daniel Noboa, se socializ\u00f3 el programa J\u00f3venes en Acci\u00f3n, una iniciativa dirigida a j\u00f3venes de 18 a 29 [&hellip;]<\/p>\n","protected":false},"author":2,"featured_media":22005,"comment_status":"open","ping_status":"closed","sticky":false,"template":"","format":"standard","meta":{"_jetpack_memberships_contains_paid_content":false,"footnotes":""},"categories":[13],"tags":[294],"class_list":["post-22004","post","type-post","status-publish","format-standard","has-post-thumbnail","hentry","category-noticias-nacionales","tag-ministerio-de-agricultura-y-ganaderia"],"jetpack_featured_media_url":"https:\/\/radiocresatelital.com\/wp-content\/uploads\/2024\/12\/54198273303_8f034b76ff_c.jpg","jetpack_sharing_enabled":true,"_links":{"self":[{"href":"https:\/\/radiocresatelital.com\/index.php?rest_route=\/wp\/v2\/posts\/22004","targetHints":{"allow":["GET"]}}],"collection":[{"href":"https:\/\/radiocresatelital.com\/index.php?rest_route=\/wp\/v2\/posts"}],"about":[{"href":"https:\/\/radiocresatelital.com\/index.php?rest_route=\/wp\/v2\/types\/post"}],"author":[{"embeddable":true,"href":"https:\/\/radiocresatelital.com\/index.php?rest_route=\/wp\/v2\/users\/2"}],"replies":[{"embeddable":true,"href":"https:\/\/radiocresatelital.com\/index.php?rest_route=%2Fwp%2Fv2%2Fcomments&post=22004"}],"version-history":[{"count":2,"href":"https:\/\/radiocresatelital.com\/index.php?rest_route=\/wp\/v2\/posts\/22004\/revisions"}],"predecessor-version":[{"id":22023,"href":"https:\/\/radiocresatelital.com\/index.php?rest_route=\/wp\/v2\/posts\/22004\/revisions\/22023"}],"wp:featuredmedia":[{"embeddable":true,"href":"https:\/\/radiocresatelital.com\/index.php?rest_route=\/wp\/v2\/media\/22005"}],"wp:attachment":[{"href":"https:\/\/radiocresatelital.com\/index.php?rest_route=%2Fwp%2Fv2%2Fmedia&parent=22004"}],"wp:term":[{"taxonomy":"category","embeddable":true,"href":"https:\/\/radiocresatelital.com\/index.php?rest_route=%2Fwp%2Fv2%2Fcategories&post=22004"},{"taxonomy":"post_tag","embeddable":true,"href":"https:\/\/radiocresatelital.com\/index.php?rest_route=%2Fwp%2Fv2%2Ftags&post=22004"}],"curies":[{"name":"wp","href":"https:\/\/api.w.org\/{rel}","templated":true}]}}