{"id":22001,"date":"2024-12-11T16:39:54","date_gmt":"2024-12-11T16:39:54","guid":{"rendered":"https:\/\/radiocresatelital.com\/?p=22001"},"modified":"2024-12-11T16:39:54","modified_gmt":"2024-12-11T16:39:54","slug":"debate-presidencial-se-realizara-el-12-de-enero","status":"publish","type":"post","link":"https:\/\/radiocresatelital.com\/?p=22001","title":{"rendered":"Debate presidencial se realizar\u00e1 el 12 de Enero"},"content":{"rendered":"<p>Quito.- Diana Atamaint, presidenta del Consejo Nacional Electoral, dio fecha y lugar para el primer debate electoral de las elecciones presidenciales del 2025: 12 de enero en la Universidad Bolivariana en Guayaquil, mientras que para el segundo debate presidencial, la sede sera la Universidad Internacional de Quito y se realizar\u00eda el 16 de marzo del 2025.<\/p>\n<p>Por otra parte, el debate de los candidatos a\u00a0 asamble\u00edstas nacionales ser\u00e1 el 25 de enero en el campus de la universidad\u00a0 <b>Ecotec (Guayaquil) y para<\/b> parlamentarios andinos aunque a\u00fan no se confirma la fecha, el lugar escogido es la <b>Universidad De los Hemisferios<\/b> en Quito.<\/p>\n<p>Aunque ya se conoce la integraci\u00f3n del Comit\u00e9 Organizador del Debate, a\u00fano no se han dado a conocer otros elementos como los moderadores, modalidad, tiempo, etc.<\/p>\n<p>&nbsp;<\/p>\n","protected":false},"excerpt":{"rendered":"<p>Quito.- Diana Atamaint, presidenta del Consejo Nacional Electoral, dio fecha y lugar para el primer debate electoral de las elecciones presidenciales del 2025: 12 de enero en la Universidad Bolivariana en Guayaquil, mientras que para el segundo debate presidencial, la sede sera la Universidad Internacional de Quito y se realizar\u00eda el 16 de marzo del [&hellip;]<\/p>\n","protected":false},"author":3,"featured_media":2071,"comment_status":"open","ping_status":"closed","sticky":false,"template":"","format":"standard","meta":{"_jetpack_memberships_contains_paid_content":false,"footnotes":""},"categories":[13],"tags":[],"class_list":["post-22001","post","type-post","status-publish","format-standard","has-post-thumbnail","hentry","category-noticias-nacionales"],"jetpack_featured_media_url":"https:\/\/radiocresatelital.com\/wp-content\/uploads\/2023\/08\/diana-atamaint-1.jpeg","jetpack_sharing_enabled":true,"_links":{"self":[{"href":"https:\/\/radiocresatelital.com\/index.php?rest_route=\/wp\/v2\/posts\/22001","targetHints":{"allow":["GET"]}}],"collection":[{"href":"https:\/\/radiocresatelital.com\/index.php?rest_route=\/wp\/v2\/posts"}],"about":[{"href":"https:\/\/radiocresatelital.com\/index.php?rest_route=\/wp\/v2\/types\/post"}],"author":[{"embeddable":true,"href":"https:\/\/radiocresatelital.com\/index.php?rest_route=\/wp\/v2\/users\/3"}],"replies":[{"embeddable":true,"href":"https:\/\/radiocresatelital.com\/index.php?rest_route=%2Fwp%2Fv2%2Fcomments&post=22001"}],"version-history":[{"count":1,"href":"https:\/\/radiocresatelital.com\/index.php?rest_route=\/wp\/v2\/posts\/22001\/revisions"}],"predecessor-version":[{"id":22002,"href":"https:\/\/radiocresatelital.com\/index.php?rest_route=\/wp\/v2\/posts\/22001\/revisions\/22002"}],"wp:featuredmedia":[{"embeddable":true,"href":"https:\/\/radiocresatelital.com\/index.php?rest_route=\/wp\/v2\/media\/2071"}],"wp:attachment":[{"href":"https:\/\/radiocresatelital.com\/index.php?rest_route=%2Fwp%2Fv2%2Fmedia&parent=22001"}],"wp:term":[{"taxonomy":"category","embeddable":true,"href":"https:\/\/radiocresatelital.com\/index.php?rest_route=%2Fwp%2Fv2%2Fcategories&post=22001"},{"taxonomy":"post_tag","embeddable":true,"href":"https:\/\/radiocresatelital.com\/index.php?rest_route=%2Fwp%2Fv2%2Ftags&post=22001"}],"curies":[{"name":"wp","href":"https:\/\/api.w.org\/{rel}","templated":true}]}}