{"id":21973,"date":"2024-12-10T21:26:21","date_gmt":"2024-12-10T21:26:21","guid":{"rendered":"https:\/\/radiocresatelital.com\/?p=21973"},"modified":"2024-12-10T21:26:21","modified_gmt":"2024-12-10T21:26:21","slug":"comunidad-de-la-ermita-celebra-inauguracion-de-nuevo-centro-de-salud-en-quito","status":"publish","type":"post","link":"https:\/\/radiocresatelital.com\/?p=21973","title":{"rendered":"Comunidad de La Ermita celebra inauguraci\u00f3n de nuevo Centro de Salud en Quito"},"content":{"rendered":"<p>Quito.-\u00a0El ministro de Salud P\u00fablica, Antonio Naranjo Paz y Mi\u00f1o, entreg\u00f3 el renovado Centro de Salud La Ermita, como muestra del compromiso del Gobierno Nacional por mejorar la atenci\u00f3n primaria en salud. Con una inversi\u00f3n de m\u00e1s de USD 120.000, esta obra beneficiar\u00e1 a miles de habitantes de Quito.<\/p>\n<p>\u201cDespu\u00e9s de una larga espera, hoy celebramos la culminaci\u00f3n de este proyecto que beneficiar\u00e1 a toda nuestra comunidad. Ahora contamos con un centro de salud renovado y moderno\u00bb, expres\u00f3 con emoci\u00f3n Lidia Yungan, administradora del establecimiento. \u00abLos trabajos realizados incluyeron una remodelaci\u00f3n integral, con la sustituci\u00f3n de pr\u00e1cticamente todos los elementos, desde las estructuras hasta los acabados finales. Este logro es fruto del trabajo conjunto entre el Gobierno Nacional y nuestra comunidad.\u00bb<\/p>\n<p>Al tiempo que, Luis Valverde, presidente del Comit\u00e9 Local de Salud, se refiri\u00f3 a la obra como un sue\u00f1o hecho realidad. \u201cHace m\u00e1s de un a\u00f1o esper\u00e1bamos que esta unidad de salud siga funcionando en este local. Hoy la comunidad se siente satisfecha\u201d.<\/p>\n<p>Adicionalmente a la intervenci\u00f3n en la infraestructura existe una inversi\u00f3n aproximada de USD 72.000 que incluye: equipamiento menor de consulta externa, equipo odontol\u00f3gico, mobiliario cl\u00ednico y general.<\/p>\n<p>\u00abCon esta obra, no solo estamos entregando un establecimiento renovado, sino tambi\u00e9n una promesa cumplida para garantizar el acceso a servicios de salud de calidad y cercanos a sus hogares\u201d, manifest\u00f3 el ministro Naranjo.<\/p>\n<p>Para finalizar, el secretario de Estado a\u00f1adi\u00f3 que el trabajo va avanzando poco a poco, \u201ccomo m\u00e9dicos, nos sentimos orgullosos de ser parte de este cambio, conocemos las necesidades de los pacientes y nos sentimos orgullosos de ser parte de este cambio y de poder servir a nuestra comunidad\u201d.<\/p>\n","protected":false},"excerpt":{"rendered":"<p>Quito.-\u00a0El ministro de Salud P\u00fablica, Antonio Naranjo Paz y Mi\u00f1o, entreg\u00f3 el renovado Centro de Salud La Ermita, como muestra del compromiso del Gobierno Nacional por mejorar la atenci\u00f3n primaria en salud. Con una inversi\u00f3n de m\u00e1s de USD 120.000, esta obra beneficiar\u00e1 a miles de habitantes de Quito. \u201cDespu\u00e9s de una larga espera, hoy [&hellip;]<\/p>\n","protected":false},"author":2,"featured_media":21974,"comment_status":"open","ping_status":"closed","sticky":false,"template":"","format":"standard","meta":{"_jetpack_memberships_contains_paid_content":false,"footnotes":""},"categories":[13],"tags":[148],"class_list":["post-21973","post","type-post","status-publish","format-standard","has-post-thumbnail","hentry","category-noticias-nacionales","tag-ministerio-de-salud-publica"],"jetpack_featured_media_url":"https:\/\/radiocresatelital.com\/wp-content\/uploads\/2024\/12\/WhatsApp-Image-2024-12-10-at-07.50.29.jpeg","jetpack_sharing_enabled":true,"_links":{"self":[{"href":"https:\/\/radiocresatelital.com\/index.php?rest_route=\/wp\/v2\/posts\/21973","targetHints":{"allow":["GET"]}}],"collection":[{"href":"https:\/\/radiocresatelital.com\/index.php?rest_route=\/wp\/v2\/posts"}],"about":[{"href":"https:\/\/radiocresatelital.com\/index.php?rest_route=\/wp\/v2\/types\/post"}],"author":[{"embeddable":true,"href":"https:\/\/radiocresatelital.com\/index.php?rest_route=\/wp\/v2\/users\/2"}],"replies":[{"embeddable":true,"href":"https:\/\/radiocresatelital.com\/index.php?rest_route=%2Fwp%2Fv2%2Fcomments&post=21973"}],"version-history":[{"count":1,"href":"https:\/\/radiocresatelital.com\/index.php?rest_route=\/wp\/v2\/posts\/21973\/revisions"}],"predecessor-version":[{"id":21975,"href":"https:\/\/radiocresatelital.com\/index.php?rest_route=\/wp\/v2\/posts\/21973\/revisions\/21975"}],"wp:featuredmedia":[{"embeddable":true,"href":"https:\/\/radiocresatelital.com\/index.php?rest_route=\/wp\/v2\/media\/21974"}],"wp:attachment":[{"href":"https:\/\/radiocresatelital.com\/index.php?rest_route=%2Fwp%2Fv2%2Fmedia&parent=21973"}],"wp:term":[{"taxonomy":"category","embeddable":true,"href":"https:\/\/radiocresatelital.com\/index.php?rest_route=%2Fwp%2Fv2%2Fcategories&post=21973"},{"taxonomy":"post_tag","embeddable":true,"href":"https:\/\/radiocresatelital.com\/index.php?rest_route=%2Fwp%2Fv2%2Ftags&post=21973"}],"curies":[{"name":"wp","href":"https:\/\/api.w.org\/{rel}","templated":true}]}}