{"id":21964,"date":"2024-12-10T21:07:11","date_gmt":"2024-12-10T21:07:11","guid":{"rendered":"https:\/\/radiocresatelital.com\/?p=21964"},"modified":"2024-12-10T21:07:11","modified_gmt":"2024-12-10T21:07:11","slug":"gobierno-transforma-vidas-con-la-entrega-de-becas-el-presidente-daniel-noboa-dialogo-con-jovenes-becarios-en-machala","status":"publish","type":"post","link":"https:\/\/radiocresatelital.com\/?p=21964","title":{"rendered":"Gobierno transforma vidas con la entrega de Becas: El Presidente Daniel Noboa dialog\u00f3 con j\u00f3venes becarios en Machala"},"content":{"rendered":"<p>Machala.- Desde el Instituto Superior Tecnol\u00f3gico Ismael P\u00e9rez Pazmi\u00f1o, el Presidente de la Rep\u00fablica, Daniel Noboa Azin, particip\u00f3 en un conversatorio con j\u00f3venes beneficiarios de becas otorgadas por el Gobierno Nacional. Durante el evento, destac\u00f3 que en su administraci\u00f3n se han entregado m\u00e1s de 100.000 becas a escala nacional, de las cuales cerca del 75 % han beneficiado a mujeres. \u201cTenemos la obligaci\u00f3n de atender a la juventud, de darle un mejor ma\u00f1ana, de darle un Estado que funcione, esa es mi misi\u00f3n de vida\u201d, sostuvo.<\/p>\n<p>Entre las iniciativas destaca el \u00abPrograma de Becas en Tecnolog\u00edas de la Informaci\u00f3n y Comunicaci\u00f3n para la Reducci\u00f3n de la Brecha Digital\u00bb, desarrollado en coordinaci\u00f3n con la de Secretar\u00eda de Educaci\u00f3n Superior, Ciencia, Tecnolog\u00eda e Innovaci\u00f3n (Senescyt) y el Ministerio de Telecomunicaciones. A trav\u00e9s de este programa, se han otorgado 2.874 becas para estudios t\u00e9cnicos y tecnol\u00f3gicos en carreras relacionadas con tecnolog\u00eda, a escala nacional.<\/p>\n<p>Los beneficiarios reciben una cobertura de hasta USD 4.000, correspondiente al costo de matr\u00edcula y arancel de su carrera. Estas becas est\u00e1n dirigidas prioritariamente a j\u00f3venes de zonas urbano \u2013 marginales, rurales y fronterizas; as\u00ed como a grupos sociales minoritarios, hist\u00f3ricamente discriminados o excluidos del ejercicio de sus derechos fundamentales.<\/p>\n<p>El ministro de Telecomunicaciones y Sociedad de la Informaci\u00f3n, C\u00e9sar Mart\u00edn, destac\u00f3 que estas acciones son el resultado de las decisiones oportunas tomadas bajo el liderazgo del presidente Noboa. Durante su intervenci\u00f3n, afirm\u00f3: \u201cse tom\u00f3 la decisi\u00f3n hist\u00f3rica de usar por primera vez el fondo del 1 % que tienen que entregar los proveedores de servicios de telecomunicaciones para la educaci\u00f3n en tecnolog\u00eda\u201d.<\/p>\n<p>El Mandatario tambi\u00e9n recorri\u00f3 las instalaciones del Instituto Ismael P\u00e9rez Pazmi\u00f1o, una obra que finalmente se puso al servicio de la ciudadan\u00eda en esta administraci\u00f3n tras superar obst\u00e1culos y destrabar procesos. En ese sentido, el secretario de la Senescyt, C\u00e9sar V\u00e1squez, destac\u00f3 que, con alrededor de USD 600.000 invertidos en infraestructura y USD 4 millones en equipamiento, se logr\u00f3 operativizar el establecimiento educativo.<\/p>\n<p>Por ello, Sheyla Cedillo, estudiante de Acuicultura y beneficiaria de otro de los programas (Becas Futuro Femenino), expres\u00f3 su agradecimiento por el respaldo recibido para postular y ser parte del programa.<\/p>\n<p>\u201cEste es un gobierno que tiene visi\u00f3n joven, que cree en la juventud y que cree que, atendiendo a los j\u00f3venes, atendemos a la naci\u00f3n\u201d, afirm\u00f3 el presidente Noboa, resaltando el compromiso de su administraci\u00f3n con las nuevas generaciones. Con estas acciones, el Ejecutivo busca combatir las desigualdades sociales, con m\u00e1s oportunidades de acceso, permanencia y culminaci\u00f3n del sistema de educaci\u00f3n superior nacional.<\/p>\n","protected":false},"excerpt":{"rendered":"<p>Machala.- Desde el Instituto Superior Tecnol\u00f3gico Ismael P\u00e9rez Pazmi\u00f1o, el Presidente de la Rep\u00fablica, Daniel Noboa Azin, particip\u00f3 en un conversatorio con j\u00f3venes beneficiarios de becas otorgadas por el Gobierno Nacional. Durante el evento, destac\u00f3 que en su administraci\u00f3n se han entregado m\u00e1s de 100.000 becas a escala nacional, de las cuales cerca del 75 [&hellip;]<\/p>\n","protected":false},"author":2,"featured_media":21965,"comment_status":"open","ping_status":"closed","sticky":false,"template":"","format":"standard","meta":{"_jetpack_memberships_contains_paid_content":false,"footnotes":""},"categories":[13],"tags":[1322],"class_list":["post-21964","post","type-post","status-publish","format-standard","has-post-thumbnail","hentry","category-noticias-nacionales","tag-presidente-daniel-noboa"],"jetpack_featured_media_url":"https:\/\/radiocresatelital.com\/wp-content\/uploads\/2024\/12\/54196170791_2158070a83_c.jpg","jetpack_sharing_enabled":true,"_links":{"self":[{"href":"https:\/\/radiocresatelital.com\/index.php?rest_route=\/wp\/v2\/posts\/21964","targetHints":{"allow":["GET"]}}],"collection":[{"href":"https:\/\/radiocresatelital.com\/index.php?rest_route=\/wp\/v2\/posts"}],"about":[{"href":"https:\/\/radiocresatelital.com\/index.php?rest_route=\/wp\/v2\/types\/post"}],"author":[{"embeddable":true,"href":"https:\/\/radiocresatelital.com\/index.php?rest_route=\/wp\/v2\/users\/2"}],"replies":[{"embeddable":true,"href":"https:\/\/radiocresatelital.com\/index.php?rest_route=%2Fwp%2Fv2%2Fcomments&post=21964"}],"version-history":[{"count":1,"href":"https:\/\/radiocresatelital.com\/index.php?rest_route=\/wp\/v2\/posts\/21964\/revisions"}],"predecessor-version":[{"id":21966,"href":"https:\/\/radiocresatelital.com\/index.php?rest_route=\/wp\/v2\/posts\/21964\/revisions\/21966"}],"wp:featuredmedia":[{"embeddable":true,"href":"https:\/\/radiocresatelital.com\/index.php?rest_route=\/wp\/v2\/media\/21965"}],"wp:attachment":[{"href":"https:\/\/radiocresatelital.com\/index.php?rest_route=%2Fwp%2Fv2%2Fmedia&parent=21964"}],"wp:term":[{"taxonomy":"category","embeddable":true,"href":"https:\/\/radiocresatelital.com\/index.php?rest_route=%2Fwp%2Fv2%2Fcategories&post=21964"},{"taxonomy":"post_tag","embeddable":true,"href":"https:\/\/radiocresatelital.com\/index.php?rest_route=%2Fwp%2Fv2%2Ftags&post=21964"}],"curies":[{"name":"wp","href":"https:\/\/api.w.org\/{rel}","templated":true}]}}