{"id":21907,"date":"2024-12-09T20:27:52","date_gmt":"2024-12-09T20:27:52","guid":{"rendered":"https:\/\/radiocresatelital.com\/?p=21907"},"modified":"2024-12-09T20:28:03","modified_gmt":"2024-12-09T20:28:03","slug":"estadio-cristhian-benitez-acogio-la-final-de-la-pacifico-cup-guayaquil-2024","status":"publish","type":"post","link":"https:\/\/radiocresatelital.com\/?p=21907","title":{"rendered":"Estadio Cristhian Ben\u00edtez acogi\u00f3 la final de la Pacifico CUP Guayaquil 2024"},"content":{"rendered":"<p>Guayaquil.- La gran final del torneo de f\u00fatbol infanto juvenil \u2018Pacifico Cup Guayaquil 2024 Copa Ciudad de Todos\u2019 se celebr\u00f3 en el Estadio Cristhian Ben\u00edtez, en el Parque Samanes. La jornada deportiva tuvo la participaci\u00f3n de 1.200 ni\u00f1os, de entre los 7 a 15 a\u00f1os, distribuidos en 60 equipos.<\/p>\n<p>Los campeones de Copa Oro y Copa Plata recibieron trofeos y medallas, por parte de los exfutbolistas Xavier Klimowicz, Marcos Mondaini, Holger \u2018Chicharra\u2019 Matamoros, entre otros.<\/p>\n<p>El padre de familia, Ricardo Ortega, celebr\u00f3 el triunfo del equipo Shisa F. C., en el que entrena su hijo Ricardo, de 9 a\u00f1os. \u201cEstamos muy contentos por la oportunidad que ellos tuvieron de participar en un estadio donde juegan profesionalmente. Yo creo que los motiva much\u00edsimo a los chicos y estamos agradecidos que el Municipio se preocupe por los ni\u00f1os\u201d, dijo.<\/p>\n<p>Natanael Canga, de 10 a\u00f1os, del equipo ganador Naranja Mec\u00e1nica, categor\u00eda 2013, expres\u00f3 que \u201cestoy muy feliz con Dios por darnos este campeonato y a mis compa\u00f1eros y el profesor porque hemos venido trabajando desde hace 6 meses. Se vienen muchos t\u00edtulos m\u00e1s\u201d.<\/p>\n<p><strong>Los equipos ganadores del torneo son:<\/strong><br \/>\n\uf0b7 Boca del Pozo categor\u00eda 2009<br \/>\n\uf0b7 Guayaquil City Futbol Club categor\u00eda 2010<br \/>\n\uf0b7 Club Efmo categor\u00eda 2011<br \/>\n\uf0b7 Toketin JR categor\u00eda 2012<br \/>\n\uf0b7 Naranja Mec\u00e1nica categor\u00eda 2013<br \/>\n\uf0b7 Escuela Formativa Cracks de la Chicharra categor\u00eda 2014<br \/>\n\uf0b7 Shisa F. C. Categor\u00eda 2015<br \/>\n\uf0b7 Shisa F. C. Categor\u00eda 2016<br \/>\n\uf0b7 Sport Excellence Academy Winners categor\u00eda 2017<\/p>\n<p>Es as\u00ed, como la Alcald\u00eda de Guayaquil, a trav\u00e9s de los programas deportivos, convierte a la Ciudad de Todos en semillero de futuros profesionales del f\u00fatbol.<\/p>\n","protected":false},"excerpt":{"rendered":"<p>Guayaquil.- La gran final del torneo de f\u00fatbol infanto juvenil \u2018Pacifico Cup Guayaquil 2024 Copa Ciudad de Todos\u2019 se celebr\u00f3 en el Estadio Cristhian Ben\u00edtez, en el Parque Samanes. La jornada deportiva tuvo la participaci\u00f3n de 1.200 ni\u00f1os, de entre los 7 a 15 a\u00f1os, distribuidos en 60 equipos. Los campeones de Copa Oro y [&hellip;]<\/p>\n","protected":false},"author":2,"featured_media":21908,"comment_status":"open","ping_status":"closed","sticky":false,"template":"","format":"standard","meta":{"_jetpack_memberships_contains_paid_content":false,"footnotes":""},"categories":[9],"tags":[3456,3455],"class_list":["post-21907","post","type-post","status-publish","format-standard","has-post-thumbnail","hentry","category-deportes","tag-copa-ciudad-de-todos","tag-pacifico-cup-guayaquil-2024"],"jetpack_featured_media_url":"https:\/\/radiocresatelital.com\/wp-content\/uploads\/2024\/12\/DSC_0038-scaled.jpg","jetpack_sharing_enabled":true,"_links":{"self":[{"href":"https:\/\/radiocresatelital.com\/index.php?rest_route=\/wp\/v2\/posts\/21907","targetHints":{"allow":["GET"]}}],"collection":[{"href":"https:\/\/radiocresatelital.com\/index.php?rest_route=\/wp\/v2\/posts"}],"about":[{"href":"https:\/\/radiocresatelital.com\/index.php?rest_route=\/wp\/v2\/types\/post"}],"author":[{"embeddable":true,"href":"https:\/\/radiocresatelital.com\/index.php?rest_route=\/wp\/v2\/users\/2"}],"replies":[{"embeddable":true,"href":"https:\/\/radiocresatelital.com\/index.php?rest_route=%2Fwp%2Fv2%2Fcomments&post=21907"}],"version-history":[{"count":1,"href":"https:\/\/radiocresatelital.com\/index.php?rest_route=\/wp\/v2\/posts\/21907\/revisions"}],"predecessor-version":[{"id":21909,"href":"https:\/\/radiocresatelital.com\/index.php?rest_route=\/wp\/v2\/posts\/21907\/revisions\/21909"}],"wp:featuredmedia":[{"embeddable":true,"href":"https:\/\/radiocresatelital.com\/index.php?rest_route=\/wp\/v2\/media\/21908"}],"wp:attachment":[{"href":"https:\/\/radiocresatelital.com\/index.php?rest_route=%2Fwp%2Fv2%2Fmedia&parent=21907"}],"wp:term":[{"taxonomy":"category","embeddable":true,"href":"https:\/\/radiocresatelital.com\/index.php?rest_route=%2Fwp%2Fv2%2Fcategories&post=21907"},{"taxonomy":"post_tag","embeddable":true,"href":"https:\/\/radiocresatelital.com\/index.php?rest_route=%2Fwp%2Fv2%2Ftags&post=21907"}],"curies":[{"name":"wp","href":"https:\/\/api.w.org\/{rel}","templated":true}]}}