{"id":21794,"date":"2024-12-05T21:15:27","date_gmt":"2024-12-05T21:15:27","guid":{"rendered":"https:\/\/radiocresatelital.com\/?p=21794"},"modified":"2024-12-05T21:16:27","modified_gmt":"2024-12-05T21:16:27","slug":"manuel-neuer-recibe-su-primera-tarjeta-roja-de-su-vida-futbolistica","status":"publish","type":"post","link":"https:\/\/radiocresatelital.com\/?p=21794","title":{"rendered":"Manuel Neuer recibe su primera tarjeta roja de su vida futbol\u00edstica"},"content":{"rendered":"<div class=\"text__text__1FZLe text__dark-grey__3Ml43 text__regular__2N1Xr text__small__1kGq2 body__full_width__ekUdw body__small_body__2vQyf article-body__paragraph__2-BtD\" data-testid=\"paragraph-0\">\n<p>M\u00fanich.- El capit\u00e1n del Bayern Munich, Manuel Neuer, ha recibido la suspensi\u00f3n de dos partidos y no podr\u00e1 estar presente en dos cotejos de la\u00a0 Copa de Alemania por \u00abconducta antideportiva\u00bb en el partido del martes contra el Bayer Leverkusen, dijo la federaci\u00f3n de f\u00fatbol del pa\u00eds (DFB).<\/p>\n<\/div>\n<div class=\"text__text__1FZLe text__dark-grey__3Ml43 text__regular__2N1Xr text__small__1kGq2 body__full_width__ekUdw body__small_body__2vQyf article-body__paragraph__2-BtD\" data-testid=\"paragraph-1\">\n<p>El portero de 38 a\u00f1os recibi\u00f3 la primera tarjeta roja en su carrera de casi dos d\u00e9cadas despu\u00e9s de salir de la l\u00ednea y derribar a Jeremie Frimpong.<\/p>\n<\/div>\n<div class=\"text__text__1FZLe text__dark-grey__3Ml43 text__regular__2N1Xr text__small__1kGq2 body__full_width__ekUdw body__small_body__2vQyf article-body__paragraph__2-BtD\" data-testid=\"paragraph-2\">Tras el incidente, Neuer fue expulsado por el \u00e1rbitro Harm Osmers en el minuto 17 de la derrota del Bayern por 1-0 ante el Leverkusen .<\/div>\n<div class=\"text__text__1FZLe text__dark-grey__3Ml43 text__regular__2N1Xr text__small__1kGq2 body__full_width__ekUdw body__small_body__2vQyf article-body__paragraph__2-BtD\" data-testid=\"paragraph-3\">\n<p>\u00abEl jugador tambi\u00e9n quedar\u00e1 suspendido de todos los dem\u00e1s partidos de Copa de su club hasta que expire la suspensi\u00f3n\u00bb, indic\u00f3 la DFB en un comunicado.<\/p>\n<\/div>\n<div class=\"text__text__1FZLe text__dark-grey__3Ml43 text__regular__2N1Xr text__small__1kGq2 body__full_width__ekUdw body__small_body__2vQyf article-body__paragraph__2-BtD\" data-testid=\"paragraph-4\">\u00abSeg\u00fan la jurisprudencia consolidada de la DFB, impedir una clara ocasi\u00f3n de gol mediante una falta no grave sin que se marque gol posteriormente conlleva normalmente una suspensi\u00f3n de dos partidos.\u00bb<\/div>\n<div class=\"text__text__1FZLe text__dark-grey__3Ml43 text__regular__2N1Xr text__small__1kGq2 body__full_width__ekUdw body__small_body__2vQyf article-body__paragraph__2-BtD\" data-testid=\"paragraph-5\">La prohibici\u00f3n s\u00f3lo se aplica a los partidos de la Copa alemana y, como el Bayern est\u00e1 fuera de la Copa de Alemania, Neuer no la cumplir\u00eda hasta la pr\u00f3xima temporada.<\/div>\n<div class=\"article-body__element__2p5pI\">\n<div class=\"spacing-container__container__2g5QT spacing-container__t-spacing-single-three-quarters__2_moJ spacing-container__b-spacing-single-three-quarters__1fuBK spacing-container__max-width__zScFd\" data-testid=\"ResponsiveAdSlot\">\n<div class=\"ad-slot__container__FEnoz ad-slot__fixed-height__6m70D ad-slot__canvas-container__Quz0b\"><\/div>\n<\/div>\n<\/div>\n<div class=\"text__text__1FZLe text__dark-grey__3Ml43 text__regular__2N1Xr text__small__1kGq2 body__full_width__ekUdw body__small_body__2vQyf article-body__paragraph__2-BtD\" data-testid=\"paragraph-6\">Adem\u00e1s, el contrato de Neuer con el Bayern expira al final de esta temporada, y si decide no renovarlo, retirarse o abandonar el f\u00fatbol alem\u00e1n, es posible que nunca cumpla esta prohibici\u00f3n.<\/div>\n<div class=\"article-body__element__2p5pI\">\n<div class=\"spacing-container__container__2g5QT spacing-container__t-spacing-single__1uXb9 spacing-container__b-spacing-single__2RCDp spacing-container__max-width__zScFd cnx-player__container__3kxx8\" data-testid=\"CnxPlayer\" data-variant-id=\"inline-video-player\">\n<div id=\"in-article-desktop-video-player\" class=\"cnx-player__video-player__yUvan\"><\/div>\n<\/div>\n<\/div>\n","protected":false},"excerpt":{"rendered":"<p>M\u00fanich.- El capit\u00e1n del Bayern Munich, Manuel Neuer, ha recibido la suspensi\u00f3n de dos partidos y no podr\u00e1 estar presente en dos cotejos de la\u00a0 Copa de Alemania por \u00abconducta antideportiva\u00bb en el partido del martes contra el Bayer Leverkusen, dijo la federaci\u00f3n de f\u00fatbol del pa\u00eds (DFB). El portero de 38 a\u00f1os recibi\u00f3 la [&hellip;]<\/p>\n","protected":false},"author":2,"featured_media":21795,"comment_status":"open","ping_status":"closed","sticky":false,"template":"","format":"standard","meta":{"_jetpack_memberships_contains_paid_content":false,"footnotes":""},"categories":[7],"tags":[3442],"class_list":["post-21794","post","type-post","status-publish","format-standard","has-post-thumbnail","hentry","category-futbol-internacional","tag-manuel-neuer"],"jetpack_featured_media_url":"https:\/\/radiocresatelital.com\/wp-content\/uploads\/2024\/12\/El-costo-de-la-primera-tarjeta-roja-que-recibio-en-su-carrera-Manuel-Neuer.jpg","jetpack_sharing_enabled":true,"_links":{"self":[{"href":"https:\/\/radiocresatelital.com\/index.php?rest_route=\/wp\/v2\/posts\/21794","targetHints":{"allow":["GET"]}}],"collection":[{"href":"https:\/\/radiocresatelital.com\/index.php?rest_route=\/wp\/v2\/posts"}],"about":[{"href":"https:\/\/radiocresatelital.com\/index.php?rest_route=\/wp\/v2\/types\/post"}],"author":[{"embeddable":true,"href":"https:\/\/radiocresatelital.com\/index.php?rest_route=\/wp\/v2\/users\/2"}],"replies":[{"embeddable":true,"href":"https:\/\/radiocresatelital.com\/index.php?rest_route=%2Fwp%2Fv2%2Fcomments&post=21794"}],"version-history":[{"count":2,"href":"https:\/\/radiocresatelital.com\/index.php?rest_route=\/wp\/v2\/posts\/21794\/revisions"}],"predecessor-version":[{"id":21797,"href":"https:\/\/radiocresatelital.com\/index.php?rest_route=\/wp\/v2\/posts\/21794\/revisions\/21797"}],"wp:featuredmedia":[{"embeddable":true,"href":"https:\/\/radiocresatelital.com\/index.php?rest_route=\/wp\/v2\/media\/21795"}],"wp:attachment":[{"href":"https:\/\/radiocresatelital.com\/index.php?rest_route=%2Fwp%2Fv2%2Fmedia&parent=21794"}],"wp:term":[{"taxonomy":"category","embeddable":true,"href":"https:\/\/radiocresatelital.com\/index.php?rest_route=%2Fwp%2Fv2%2Fcategories&post=21794"},{"taxonomy":"post_tag","embeddable":true,"href":"https:\/\/radiocresatelital.com\/index.php?rest_route=%2Fwp%2Fv2%2Ftags&post=21794"}],"curies":[{"name":"wp","href":"https:\/\/api.w.org\/{rel}","templated":true}]}}