{"id":2179,"date":"2023-08-08T20:37:17","date_gmt":"2023-08-08T20:37:17","guid":{"rendered":"https:\/\/radiocresatelital.com\/?p=2179"},"modified":"2023-08-08T20:37:17","modified_gmt":"2023-08-08T20:37:17","slug":"tricolores-lideraron-copa-del-pacifico-en-salinas","status":"publish","type":"post","link":"https:\/\/radiocresatelital.com\/?p=2179","title":{"rendered":"Tricolores lideraron Copa del Pac\u00edfico en Salinas"},"content":{"rendered":"<p>Salinas.- Ecuador lider\u00f3 el medallero de la XVII edici\u00f3n de la Copa del Pac\u00edfico de aguas abiertas que se desarroll\u00f3 en Salinas. El pa\u00eds culmin\u00f3 con 9 medallas, 6 de oro, 1 de plata y 2 de bronce, superando por una presea dorada a Brasil.<br aria-hidden=\"true\" \/><br aria-hidden=\"true\" \/>En el tercer d\u00eda de competencias Juan Alc\u00edvar y Danna Mart\u00ednez se subieron a lo m\u00e1s alto del podio tras adjudicarse la victoria en los 7.5 km. Alc\u00edvar se impuso con un crono de 1:39:20.69, superando a los brasile\u00f1os Leonardo de Macedo y Matheus Da Cunha.<br aria-hidden=\"true\" \/><br aria-hidden=\"true\" \/>\u201cAl principio quise reservarme un poco para acelerar en las \u00faltimas tres vueltas. Fue una competencia bastante re\u00f1ida, me sent\u00ed algo pesado, pues ven\u00eda de una recuperaci\u00f3n ya que estaba enfermo del est\u00f3mago, aun as\u00ed, lo pude lograr\u201d, se\u00f1al\u00f3 Alc\u00edvar, vicecampe\u00f3n de los \u00faltimos Juegos Suramericanos de Playa en Santa Marta.<br aria-hidden=\"true\" \/><br aria-hidden=\"true\" \/>En la rama femenina, Danna Mart\u00ednez se qued\u00f3 con el oro tras cronometrar 1:52:11.08, por delante de la brasile\u00f1a Lizian Sobral. El tercer puesto correspondi\u00f3 a la tambi\u00e9n ecuatoriana Adriana Matute.<br aria-hidden=\"true\" \/><br aria-hidden=\"true\" \/>\u201cFue una competencia de un buen nivel, tuve que tomar la delantera desde el inicio para poder tener mi ritmo. Tuve un ritmo m\u00e1s o menos estable hasta la cuarta boya y de ah\u00ed agarr\u00e9 un ritmo m\u00e1s en progresivo en las \u00faltimas vueltas\u201d, coment\u00f3 Danna.<br aria-hidden=\"true\" \/><br aria-hidden=\"true\" \/>A estas preseas se sumaron los oros de relevos mixtos 4&#215;1500 categor\u00eda 17-19 a\u00f1os; los 5 km categor\u00eda 14-15 a\u00f1os con Ariel Torres y Rafaela Coello; y los 10 km 18-19 a\u00f1os con Paula Guevara. En 10 km 20 a\u00f1os Victoria Abad logr\u00f3 plata y Jhenry L\u00f3pez bronce.<br aria-hidden=\"true\" \/><br aria-hidden=\"true\" \/>La Copa Pac\u00edfico de aguas abiertas salinas 2023 reuni\u00f3 a 127 nadadores de ocho pa\u00edses del continente. El equipo brasile\u00f1o se proclam\u00f3 campe\u00f3n por puntos tras contabilizar 248 unidades, luego de sus 19 medallas conseguidas (5 oro, 8 plata, 6 bronce), ante las nueve de Ecuador, que se qued\u00f3 con el vicecampeonato con 198 puntos; tercero fue Per\u00fa, con 158. Le siguieron Chile (85), Colombia (84), Uruguay (48), Bolivia (28) y Puerto Rico (7).<\/p>\n","protected":false},"excerpt":{"rendered":"<p>Salinas.- Ecuador lider\u00f3 el medallero de la XVII edici\u00f3n de la Copa del Pac\u00edfico de aguas abiertas que se desarroll\u00f3 en Salinas. El pa\u00eds culmin\u00f3 con 9 medallas, 6 de oro, 1 de plata y 2 de bronce, superando por una presea dorada a Brasil.En el tercer d\u00eda de competencias Juan Alc\u00edvar y Danna Mart\u00ednez [&hellip;]<\/p>\n","protected":false},"author":2,"featured_media":2180,"comment_status":"open","ping_status":"closed","sticky":false,"template":"","format":"standard","meta":{"_jetpack_memberships_contains_paid_content":false,"footnotes":""},"categories":[9],"tags":[477],"class_list":["post-2179","post","type-post","status-publish","format-standard","has-post-thumbnail","hentry","category-deportes","tag-copa-del-pacifico"],"jetpack_featured_media_url":"https:\/\/radiocresatelital.com\/wp-content\/uploads\/2023\/08\/9df3fd21-bdab-02c7-3ff5-0aa6b44c4161.jpg","jetpack_sharing_enabled":true,"_links":{"self":[{"href":"https:\/\/radiocresatelital.com\/index.php?rest_route=\/wp\/v2\/posts\/2179","targetHints":{"allow":["GET"]}}],"collection":[{"href":"https:\/\/radiocresatelital.com\/index.php?rest_route=\/wp\/v2\/posts"}],"about":[{"href":"https:\/\/radiocresatelital.com\/index.php?rest_route=\/wp\/v2\/types\/post"}],"author":[{"embeddable":true,"href":"https:\/\/radiocresatelital.com\/index.php?rest_route=\/wp\/v2\/users\/2"}],"replies":[{"embeddable":true,"href":"https:\/\/radiocresatelital.com\/index.php?rest_route=%2Fwp%2Fv2%2Fcomments&post=2179"}],"version-history":[{"count":1,"href":"https:\/\/radiocresatelital.com\/index.php?rest_route=\/wp\/v2\/posts\/2179\/revisions"}],"predecessor-version":[{"id":2181,"href":"https:\/\/radiocresatelital.com\/index.php?rest_route=\/wp\/v2\/posts\/2179\/revisions\/2181"}],"wp:featuredmedia":[{"embeddable":true,"href":"https:\/\/radiocresatelital.com\/index.php?rest_route=\/wp\/v2\/media\/2180"}],"wp:attachment":[{"href":"https:\/\/radiocresatelital.com\/index.php?rest_route=%2Fwp%2Fv2%2Fmedia&parent=2179"}],"wp:term":[{"taxonomy":"category","embeddable":true,"href":"https:\/\/radiocresatelital.com\/index.php?rest_route=%2Fwp%2Fv2%2Fcategories&post=2179"},{"taxonomy":"post_tag","embeddable":true,"href":"https:\/\/radiocresatelital.com\/index.php?rest_route=%2Fwp%2Fv2%2Ftags&post=2179"}],"curies":[{"name":"wp","href":"https:\/\/api.w.org\/{rel}","templated":true}]}}