{"id":21750,"date":"2024-12-04T23:44:36","date_gmt":"2024-12-04T23:44:36","guid":{"rendered":"https:\/\/radiocresatelital.com\/?p=21750"},"modified":"2024-12-04T23:47:46","modified_gmt":"2024-12-04T23:47:46","slug":"kylian-mbappe-falla-nuevo-penal-y-real-madrid-pierde-ante-athletic-bilbao","status":"publish","type":"post","link":"https:\/\/radiocresatelital.com\/?p=21750","title":{"rendered":"Kylian Mbapp\u00e9 falla nuevo penal y Real Madrid pierde ante Athletic Bilbao"},"content":{"rendered":"<div class=\"text__text__1FZLe text__dark-grey__3Ml43 text__regular__2N1Xr text__small__1kGq2 body__full_width__ekUdw body__small_body__2vQyf article-body__paragraph__2-BtD\" data-testid=\"paragraph-0\">\n<p>Bilbao.- El delantero franc\u00e9s, Kylian Mbapp\u00e9 no ha podido concretar su segundo penalti en una semana con el Real Madrid para caer derrotados por 2-1 ante el Athletic Bilbao, su cuarta derrota en los \u00faltimos siete partidos en todas las competiciones.<\/p>\n<\/div>\n<div class=\"text__text__1FZLe text__dark-grey__3Ml43 text__regular__2N1Xr text__small__1kGq2 body__full_width__ekUdw body__small_body__2vQyf article-body__paragraph__2-BtD\" data-testid=\"paragraph-1\">\n<p>El Athletic fue el agresor durante toda la primera mitad ante un Real Madrid agobiado, falto de ideas cuando ten\u00eda el bal\u00f3n y sin dientes arriba, march\u00e1ndose al descanso sin remates a porter\u00eda.<\/p>\n<\/div>\n<div class=\"text__text__1FZLe text__dark-grey__3Ml43 text__regular__2N1Xr text__small__1kGq2 body__full_width__ekUdw body__small_body__2vQyf article-body__paragraph__2-BtD\" data-testid=\"paragraph-2\">El Athletic, invicto durante casi dos meses, logr\u00f3 finalmente abrir el marcador gracias a un remate a bocajarro de Alex Berenguer en el minuto 53, pero Mbapp\u00e9 tuvo una gran ocasi\u00f3n para empatar desde el punto de penalti despu\u00e9s de que el defensa Antonio Ruediger fuera derribado 15 minutos despu\u00e9s.<\/div>\n<div class=\"article-body__element__2p5pI\">\n<div class=\"spacing-container__container__2g5QT spacing-container__t-spacing-single-three-quarters__2_moJ spacing-container__b-spacing-single-three-quarters__1fuBK spacing-container__max-width__zScFd\" data-testid=\"ResponsiveAdSlot\">\n<div class=\"ad-slot__container__FEnoz ad-slot__fixed-height__6m70D\">\n<p>Sin embargo, el delantero franc\u00e9s, que fall\u00f3 un penalti en la derrota de la Liga de Campeones ante el Liverpool la semana pasada, lanz\u00f3 otro d\u00e9bil disparo que permiti\u00f3 que Julen Agirrezabala despejara f\u00e1cilmente.<\/p>\n<\/div>\n<\/div>\n<\/div>\n<div class=\"text__text__1FZLe text__dark-grey__3Ml43 text__regular__2N1Xr text__small__1kGq2 body__full_width__ekUdw body__small_body__2vQyf article-body__paragraph__2-BtD\" data-testid=\"paragraph-4\">A\u00fan sin el talism\u00e1n Vinicius Jr y otros jugadores clave como Dani Carvajal, Eder Militao y Eduardo Camavinga por lesiones, el Real empat\u00f3 en el minuto 78 cuando Jude Bellingham remat\u00f3 un rebote, pero un mal error de Federico Valverde le entreg\u00f3 el bal\u00f3n a Gorka Guruzeta, quien anot\u00f3 el gol de la victoria ante un indefenso Thibaut Courtois un minuto despu\u00e9s.<\/div>\n<div class=\"text__text__1FZLe text__dark-grey__3Ml43 text__regular__2N1Xr text__small__1kGq2 body__full_width__ekUdw body__small_body__2vQyf article-body__paragraph__2-BtD\" data-testid=\"paragraph-5\">\n<p>El Real Madrid perdi\u00f3 la oportunidad de recortar distancias con el l\u00edder Barcelona, \u200b\u200bque lidera la clasificaci\u00f3n con 37 puntos, cuatro por delante del segundo clasificado, el Real Madrid, que tiene un partido menos. El Athletic Bilbao es cuarto con 29 puntos.<\/p>\n<\/div>\n<div class=\"text__text__1FZLe text__dark-grey__3Ml43 text__regular__2N1Xr text__small__1kGq2 body__full_width__ekUdw body__small_body__2vQyf article-body__paragraph__2-BtD\" data-testid=\"paragraph-6\">Fue otra actuaci\u00f3n poco inspirada de Mbapp\u00e9, que ha fallado dos de sus cinco penaltis con el Real Madrid en todas las competiciones, lo que le convierte en el jugador de LaLiga que m\u00e1s penaltis ha fallado esta temporada.<\/div>\n<div class=\"article-body__element__2p5pI\">\n<div class=\"spacing-container__container__2g5QT spacing-container__t-spacing-single__1uXb9 spacing-container__b-spacing-single__2RCDp spacing-container__max-width__zScFd cnx-player__container__3kxx8\" data-testid=\"CnxPlayer\" data-variant-id=\"inline-video-player\">\n<div id=\"in-article-desktop-video-player\" class=\"cnx-player__video-player__yUvan\">\n<div class=\"cnx-non-linear-ad-container cnx-full-height \"><\/div>\n<\/div>\n<\/div>\n<\/div>\n<div class=\"text__text__1FZLe text__dark-grey__3Ml43 text__regular__2N1Xr text__small__1kGq2 body__full_width__ekUdw body__small_body__2vQyf article-body__paragraph__2-BtD\" data-testid=\"paragraph-7\">Mbapp\u00e9 lleg\u00f3 con grandes expectativas de impulsar un equipo estelar del Real Madrid que gan\u00f3 los t\u00edtulos de LaLiga y la Liga de Campeones la temporada pasada, pero ha sido una sombra de lo que era, luciendo indeciso y fuera de sincron\u00eda con el resto del equipo.<\/p>\n<\/div>\n<div class=\"text__text__1FZLe text__dark-grey__3Ml43 text__regular__2N1Xr text__small__1kGq2 body__full_width__ekUdw body__small_body__2vQyf article-body__paragraph__2-BtD\" data-testid=\"paragraph-8\">Ha marcado 10 goles en los 21 partidos del Real Madrid en todas las competiciones, y solo siete de ellos en jugada.<\/p>\n<\/div>\n<div class=\"text__text__1FZLe text__dark-grey__3Ml43 text__regular__2N1Xr text__small__1kGq2 body__full_width__ekUdw body__small_body__2vQyf article-body__paragraph__2-BtD\" data-testid=\"paragraph-9\">En Bilbao no fue un factor hasta que dispar\u00f3 un tiro en \u00e1ngulo desde la frontal del \u00e1rea al final de la segunda mitad que el portero del Athletic, Agirrezabala, le puso la palma a Bellingham, que remat\u00f3 el rebote para empatar.<\/div>\n<div class=\"article-body__element__2p5pI\">\n<div lang=\"en\" data-testid=\"Dianomi\">\n<div class=\"dianomi_context\" data-dianomi-context-id=\"2615\" data-dianomi-complete=\"1\"><\/div>\n<\/div>\n<\/div>\n<div class=\"text__text__1FZLe text__dark-grey__3Ml43 text__regular__2N1Xr text__small__1kGq2 body__full_width__ekUdw body__small_body__2vQyf article-body__paragraph__2-BtD\" data-testid=\"paragraph-10\">Rodrygo desperdici\u00f3 una oportunidad de oro para darle al Real la ventaja en la siguiente jugada, pero el error de Valverde que le dio el gol de la victoria al suplente Guruzeta plante\u00f3 m\u00e1s dudas sobre la forma del Real, con Mbapp\u00e9 firmemente bajo los focos.<\/div>\n","protected":false},"excerpt":{"rendered":"<p>Bilbao.- El delantero franc\u00e9s, Kylian Mbapp\u00e9 no ha podido concretar su segundo penalti en una semana con el Real Madrid para caer derrotados por 2-1 ante el Athletic Bilbao, su cuarta derrota en los \u00faltimos siete partidos en todas las competiciones. El Athletic fue el agresor durante toda la primera mitad ante un Real Madrid [&hellip;]<\/p>\n","protected":false},"author":2,"featured_media":21751,"comment_status":"open","ping_status":"closed","sticky":false,"template":"","format":"standard","meta":{"_jetpack_memberships_contains_paid_content":false,"footnotes":""},"categories":[7],"tags":[354,2227,100],"class_list":["post-21750","post","type-post","status-publish","format-standard","has-post-thumbnail","hentry","category-futbol-internacional","tag-kylian-mbappe","tag-liga-espanola","tag-real-madrid"],"jetpack_featured_media_url":"https:\/\/radiocresatelital.com\/wp-content\/uploads\/2024\/12\/f.elconfidencial.com_original_c5f_cb4_958_c5fcb495858a316116a1eab6c3f8fc96.jpg","jetpack_sharing_enabled":true,"_links":{"self":[{"href":"https:\/\/radiocresatelital.com\/index.php?rest_route=\/wp\/v2\/posts\/21750","targetHints":{"allow":["GET"]}}],"collection":[{"href":"https:\/\/radiocresatelital.com\/index.php?rest_route=\/wp\/v2\/posts"}],"about":[{"href":"https:\/\/radiocresatelital.com\/index.php?rest_route=\/wp\/v2\/types\/post"}],"author":[{"embeddable":true,"href":"https:\/\/radiocresatelital.com\/index.php?rest_route=\/wp\/v2\/users\/2"}],"replies":[{"embeddable":true,"href":"https:\/\/radiocresatelital.com\/index.php?rest_route=%2Fwp%2Fv2%2Fcomments&post=21750"}],"version-history":[{"count":3,"href":"https:\/\/radiocresatelital.com\/index.php?rest_route=\/wp\/v2\/posts\/21750\/revisions"}],"predecessor-version":[{"id":21754,"href":"https:\/\/radiocresatelital.com\/index.php?rest_route=\/wp\/v2\/posts\/21750\/revisions\/21754"}],"wp:featuredmedia":[{"embeddable":true,"href":"https:\/\/radiocresatelital.com\/index.php?rest_route=\/wp\/v2\/media\/21751"}],"wp:attachment":[{"href":"https:\/\/radiocresatelital.com\/index.php?rest_route=%2Fwp%2Fv2%2Fmedia&parent=21750"}],"wp:term":[{"taxonomy":"category","embeddable":true,"href":"https:\/\/radiocresatelital.com\/index.php?rest_route=%2Fwp%2Fv2%2Fcategories&post=21750"},{"taxonomy":"post_tag","embeddable":true,"href":"https:\/\/radiocresatelital.com\/index.php?rest_route=%2Fwp%2Fv2%2Ftags&post=21750"}],"curies":[{"name":"wp","href":"https:\/\/api.w.org\/{rel}","templated":true}]}}