{"id":21709,"date":"2024-12-04T19:09:45","date_gmt":"2024-12-04T19:09:45","guid":{"rendered":"https:\/\/radiocresatelital.com\/?p=21709"},"modified":"2024-12-04T19:09:45","modified_gmt":"2024-12-04T19:09:45","slug":"educa-empleo-mas-de-6-700-docentes-incorporados-al-magisterio-fiscal-bajo-la-gestion-del-actual-gobierno","status":"publish","type":"post","link":"https:\/\/radiocresatelital.com\/?p=21709","title":{"rendered":"Educa Empleo: M\u00e1s de 6.700 docentes incorporados al Magisterio fiscal bajo la gesti\u00f3n del actual Gobierno"},"content":{"rendered":"<p>Quito.-\u00a0El Ministerio de Educaci\u00f3n reafirma su compromiso con la excelencia educativa, beneficiando a\u00a06.735 docentes a trav\u00e9s del proceso Educa Empleo durante este a\u00f1o de gobierno.<\/p>\n<p>Est\u00e1 plataforma est\u00e1 dise\u00f1ada para garantizar la selecci\u00f3n de profesionales id\u00f3neos y con vocaci\u00f3n docente, quienes han sido asignados a instituciones educativas fiscales y fiscomisionales bajo la figura de contrato ocasional y nombramiento provisional.<\/p>\n<p>Educa Empleo ha permitido cubrir vacantes generadas por renuncias, fallecimientos, desistimientos y plazas desiertas, asegurando que las necesidades del Sistema Educativo Nacional sean atendidas por los mejores profesionales.<\/p>\n<p>Este proceso se realiza de manera mensual mediante un riguroso sistema de selecci\u00f3n que valora la experiencia y preparaci\u00f3n acad\u00e9mica de los aspirantes, promoviendo la calidad educativa para ni\u00f1as, ni\u00f1os y adolescentes de todo el pa\u00eds.<\/p>\n<p>La asignaci\u00f3n de plazas se realiza mediante un algoritmo matem\u00e1tico que garantiza la transparencia del proceso, seleccionando al mejor perfil en funci\u00f3n de la experiencia y formaci\u00f3n acad\u00e9mica del postulante.<\/p>\n<p>Con estas acciones, el Ministerio de Educaci\u00f3n reitera su compromiso de fortalecer el sistema educativo ecuatoriano, asegurando que cada instituci\u00f3n educativa cuente con docentes calificados y comprometidos con el desarrollo integral de los estudiantes.<\/p>\n","protected":false},"excerpt":{"rendered":"<p>Quito.-\u00a0El Ministerio de Educaci\u00f3n reafirma su compromiso con la excelencia educativa, beneficiando a\u00a06.735 docentes a trav\u00e9s del proceso Educa Empleo durante este a\u00f1o de gobierno. Est\u00e1 plataforma est\u00e1 dise\u00f1ada para garantizar la selecci\u00f3n de profesionales id\u00f3neos y con vocaci\u00f3n docente, quienes han sido asignados a instituciones educativas fiscales y fiscomisionales bajo la figura de contrato [&hellip;]<\/p>\n","protected":false},"author":2,"featured_media":21710,"comment_status":"open","ping_status":"closed","sticky":false,"template":"","format":"standard","meta":{"_jetpack_memberships_contains_paid_content":false,"footnotes":""},"categories":[13],"tags":[444],"class_list":["post-21709","post","type-post","status-publish","format-standard","has-post-thumbnail","hentry","category-noticias-nacionales","tag-ministerio-de-educacion"],"jetpack_featured_media_url":"https:\/\/radiocresatelital.com\/wp-content\/uploads\/2024\/12\/docente-clases.png","jetpack_sharing_enabled":true,"_links":{"self":[{"href":"https:\/\/radiocresatelital.com\/index.php?rest_route=\/wp\/v2\/posts\/21709","targetHints":{"allow":["GET"]}}],"collection":[{"href":"https:\/\/radiocresatelital.com\/index.php?rest_route=\/wp\/v2\/posts"}],"about":[{"href":"https:\/\/radiocresatelital.com\/index.php?rest_route=\/wp\/v2\/types\/post"}],"author":[{"embeddable":true,"href":"https:\/\/radiocresatelital.com\/index.php?rest_route=\/wp\/v2\/users\/2"}],"replies":[{"embeddable":true,"href":"https:\/\/radiocresatelital.com\/index.php?rest_route=%2Fwp%2Fv2%2Fcomments&post=21709"}],"version-history":[{"count":1,"href":"https:\/\/radiocresatelital.com\/index.php?rest_route=\/wp\/v2\/posts\/21709\/revisions"}],"predecessor-version":[{"id":21711,"href":"https:\/\/radiocresatelital.com\/index.php?rest_route=\/wp\/v2\/posts\/21709\/revisions\/21711"}],"wp:featuredmedia":[{"embeddable":true,"href":"https:\/\/radiocresatelital.com\/index.php?rest_route=\/wp\/v2\/media\/21710"}],"wp:attachment":[{"href":"https:\/\/radiocresatelital.com\/index.php?rest_route=%2Fwp%2Fv2%2Fmedia&parent=21709"}],"wp:term":[{"taxonomy":"category","embeddable":true,"href":"https:\/\/radiocresatelital.com\/index.php?rest_route=%2Fwp%2Fv2%2Fcategories&post=21709"},{"taxonomy":"post_tag","embeddable":true,"href":"https:\/\/radiocresatelital.com\/index.php?rest_route=%2Fwp%2Fv2%2Ftags&post=21709"}],"curies":[{"name":"wp","href":"https:\/\/api.w.org\/{rel}","templated":true}]}}