{"id":21697,"date":"2024-12-04T18:37:04","date_gmt":"2024-12-04T18:37:04","guid":{"rendered":"https:\/\/radiocresatelital.com\/?p=21697"},"modified":"2024-12-04T18:37:04","modified_gmt":"2024-12-04T18:37:04","slug":"el-gobierno-nacional-continua-reforzando-la-capacidad-de-la-policia-nacional-hoy-se-entregaron-1-735-subfusiles","status":"publish","type":"post","link":"https:\/\/radiocresatelital.com\/?p=21697","title":{"rendered":"El Gobierno Nacional contin\u00faa reforzando la capacidad de la Polic\u00eda Nacional: Hoy se entregaron 1.735 Subfusiles"},"content":{"rendered":"<p>Quevedo. &#8211; Para el Gobierno Nacional, la lucha contra la inseguridad y el crimen organizado transnacional es una prioridad. Por ello, a trav\u00e9s del Ministerio del Interior, el Ejecutivo fortalece a la Polic\u00eda Nacional con equipamiento destinado a potenciar las operaciones t\u00e1cticas de sus efectivos. En ese contexto, la ma\u00f1ana de este mi\u00e9rcoles 4 de diciembre el presidente de la Rep\u00fablica, Daniel Noboa Azin, particip\u00f3 en el acto de entrega de 1.735 subfusiles calibre 9mm a los miembros de esta instituci\u00f3n.<\/p>\n<p>El Jefe de Estado destac\u00f3 la labor de los servidores policiales, quienes, a trav\u00e9s del trabajo coordinado con las Fuerzas Armadas en los territorios m\u00e1s conflictivos del pa\u00eds, han logrado una reducci\u00f3n de 17,4 % en homicidios intencionales entre enero y noviembre del 2024.<\/p>\n<p>\u201cEstamos desmantelando sus econom\u00edas ilegales y no vamos a descansar\u201d, enfatiz\u00f3 el Mandatario. Adem\u00e1s, inform\u00f3 que, \u201cdesde enero hemos incautado 269,16 toneladas de droga, es decir 34 % m\u00e1s que el mismo periodo del a\u00f1o anterior. Tambi\u00e9n, hemos incautado 398.000 municiones y 9.543 armas de fuego\u201d.<\/p>\n<p>El Presidente subray\u00f3 que el respaldo a los uniformados ha sido clave para estos logros, destacando no solo el equipamiento entregado, sino tambi\u00e9n los esfuerzos en capacitaci\u00f3n y fortalecimiento. En ese sentido, la Polic\u00eda Nacional ha recibido 54.870 chalecos antibalas, 571 camionetas doble cabina, 5.000 cascos de protecci\u00f3n; 20,7 millones de municiones, entre otros.<\/p>\n<p>\u201cEsta guerra interna es intensa y exige que multipliquemos nuestros esfuerzos y redoblemos el apoyo a quienes se encuentran en primera l\u00ednea, combatiendo para defender la paz de las familias ecuatorianas\u201d, manifest\u00f3.<\/p>\n<p>Durante el evento, en virtud de los resultados alcanzados y avances, las autoridades extendieron un reconocimiento a los Jefes de Distrito de la subzona Los R\u00edos, por su contribuci\u00f3n en la disminuci\u00f3n de las cifras de homicidios en zonas priorizadas.<\/p>\n<p>\u201cEl reconocer el trabajo de un equipo es una obligaci\u00f3n elemental y de gratitud (\u2026). Me satisface entregar estos reconocimientos a quienes han tenido m\u00e1s de un 30% de reducci\u00f3n de homicidios intencionales en sus espacios urbanos de intervenci\u00f3n\u201d, manifest\u00f3 la ministra del Interior, M\u00f3nica Palencia.<\/p>\n<p>De su lado, el comandante general de la Polic\u00eda Nacional, V\u00edctor Z\u00e1rate, expres\u00f3 que el accionar desplegado por el personal policial es clave para cumplir con la misi\u00f3n de proteger a la ciudadan\u00eda, sobre todo, en zonas de alta peligrosidad que han partido con \u00edndices de homicidios intencionales entre el 30 y 50%. \u201cEn este momento hist\u00f3rico que vive el pa\u00eds la Polic\u00eda Nacional se ha marcado el objetivo de plantear f\u00e9rrea batalla a quienes pretenden imponer la barbarie por medio de acciones il\u00edcitas\u201d, remarc\u00f3.<\/p>\n<p>Para concluir, el Primer Mandatario hizo hincapi\u00e9 en que el combate al terrorismo contin\u00faa firme en todo el territorio ecuatoriano. Sin embargo, recalc\u00f3 en que, ante la presencia de criminales que se tomaron el pa\u00eds \u201cno hay dudas de que nosotros fuimos quienes nos plantamos y dijimos hasta aqu\u00ed. Y no solo hasta aqu\u00ed, sino tambi\u00e9n dijimos: nunca m\u00e1s\u201d.<\/p>\n","protected":false},"excerpt":{"rendered":"<p>Quevedo. &#8211; Para el Gobierno Nacional, la lucha contra la inseguridad y el crimen organizado transnacional es una prioridad. Por ello, a trav\u00e9s del Ministerio del Interior, el Ejecutivo fortalece a la Polic\u00eda Nacional con equipamiento destinado a potenciar las operaciones t\u00e1cticas de sus efectivos. En ese contexto, la ma\u00f1ana de este mi\u00e9rcoles 4 de [&hellip;]<\/p>\n","protected":false},"author":2,"featured_media":21698,"comment_status":"open","ping_status":"closed","sticky":false,"template":"","format":"standard","meta":{"_jetpack_memberships_contains_paid_content":false,"footnotes":""},"categories":[13],"tags":[1322],"class_list":["post-21697","post","type-post","status-publish","format-standard","has-post-thumbnail","hentry","category-noticias-nacionales","tag-presidente-daniel-noboa"],"jetpack_featured_media_url":"https:\/\/radiocresatelital.com\/wp-content\/uploads\/2024\/12\/54182346072_bd971dfa83_c.jpg","jetpack_sharing_enabled":true,"_links":{"self":[{"href":"https:\/\/radiocresatelital.com\/index.php?rest_route=\/wp\/v2\/posts\/21697","targetHints":{"allow":["GET"]}}],"collection":[{"href":"https:\/\/radiocresatelital.com\/index.php?rest_route=\/wp\/v2\/posts"}],"about":[{"href":"https:\/\/radiocresatelital.com\/index.php?rest_route=\/wp\/v2\/types\/post"}],"author":[{"embeddable":true,"href":"https:\/\/radiocresatelital.com\/index.php?rest_route=\/wp\/v2\/users\/2"}],"replies":[{"embeddable":true,"href":"https:\/\/radiocresatelital.com\/index.php?rest_route=%2Fwp%2Fv2%2Fcomments&post=21697"}],"version-history":[{"count":1,"href":"https:\/\/radiocresatelital.com\/index.php?rest_route=\/wp\/v2\/posts\/21697\/revisions"}],"predecessor-version":[{"id":21699,"href":"https:\/\/radiocresatelital.com\/index.php?rest_route=\/wp\/v2\/posts\/21697\/revisions\/21699"}],"wp:featuredmedia":[{"embeddable":true,"href":"https:\/\/radiocresatelital.com\/index.php?rest_route=\/wp\/v2\/media\/21698"}],"wp:attachment":[{"href":"https:\/\/radiocresatelital.com\/index.php?rest_route=%2Fwp%2Fv2%2Fmedia&parent=21697"}],"wp:term":[{"taxonomy":"category","embeddable":true,"href":"https:\/\/radiocresatelital.com\/index.php?rest_route=%2Fwp%2Fv2%2Fcategories&post=21697"},{"taxonomy":"post_tag","embeddable":true,"href":"https:\/\/radiocresatelital.com\/index.php?rest_route=%2Fwp%2Fv2%2Ftags&post=21697"}],"curies":[{"name":"wp","href":"https:\/\/api.w.org\/{rel}","templated":true}]}}