{"id":21691,"date":"2024-12-04T18:25:17","date_gmt":"2024-12-04T18:25:17","guid":{"rendered":"https:\/\/radiocresatelital.com\/?p=21691"},"modified":"2024-12-04T18:25:17","modified_gmt":"2024-12-04T18:25:17","slug":"el-gobierno-del-nuevo-ecuador-entrega-272-titulos-de-propiedad-a-las-familias-de-manabi","status":"publish","type":"post","link":"https:\/\/radiocresatelital.com\/?p=21691","title":{"rendered":"El Gobierno del Nuevo Ecuador entrega 272 t\u00edtulos de propiedad a las familias de Manab\u00ed"},"content":{"rendered":"<p>Portoviejo. -El ministro de Desarrollo Urbano y Vivienda, Humberto Plaza, junto a las autoridades locales de Chone, El Carmen, Flavio Alfaro, Jun\u00edn, Rocafuerte, Sucre, Tosagua, 24 de Mayo, Santa Ana, Manta y Montecristi, entreg\u00f3 272 t\u00edtulos de propiedad, beneficiando a, aproximadamente 1.088 habitantes de la provincia de Manab\u00ed.<\/p>\n<p>Esta entrega est\u00e1 contemplada, como parte de la ejecuci\u00f3n del programa de regularizaci\u00f3n, titularizaci\u00f3n y adjudicaci\u00f3n de t\u00edtulos de propiedad liderado por el Ministerio de Desarrollo Urbano y Vivienda (Miduvi), cuyo objetivo es entregar un patrimonio a las familias ecuatorianas.<\/p>\n<p>Gracias a este proceso, las familias beneficiarias ahora cuentan con seguridad jur\u00eddica sobre sus predios, lo que les permitir\u00e1 acceder a los servicios ofertados por el sistema financiero y a otros beneficios que entrega el Estado. Este avance contribuye con la reactivaci\u00f3n econ\u00f3mica y el fortalecimiento de la econom\u00eda familiar.<\/p>\n<p>El ministro Plaza destac\u00f3 la importancia de este proceso para mejorar la calidad de vida de los ciudadanos: \u00abEs un beneficio para el futuro, sus hijos tendr\u00e1n una garant\u00eda de vida, hoy nos preocupamos por el presente y el futuro de los ecuatorianos, somos un gobierno que trabaja para quienes en realidad lo necesitan y los olvidados del pasado\u201d.<\/p>\n<p>As\u00ed mismo, el gobierno del presidente Daniel Noboa reafirma su compromiso de garantizar el derecho a un h\u00e1bitat seguro y una vivienda digna, como lo establece el art\u00edculo 30 de la Constituci\u00f3n de la Rep\u00fablica del Ecuador y la Ley Org\u00e1nica de Tierras Rurales y Territorios Ancestrales.<\/p>\n<p>Rita Rivas una de las beneficiarias, expres\u00f3 su gratitud,<br \/>\n\u00abVeinticinco a\u00f1os esper\u00e9 mi t\u00edtulo, y hoy no solo es una promesa, es una realidad\u201d<\/p>\n<p>El gobierno del Nuevo Ecuador contin\u00faa trabajando por la dignidad y el bienestar de las familias en todo el pa\u00eds.<\/p>\n","protected":false},"excerpt":{"rendered":"<p>Portoviejo. -El ministro de Desarrollo Urbano y Vivienda, Humberto Plaza, junto a las autoridades locales de Chone, El Carmen, Flavio Alfaro, Jun\u00edn, Rocafuerte, Sucre, Tosagua, 24 de Mayo, Santa Ana, Manta y Montecristi, entreg\u00f3 272 t\u00edtulos de propiedad, beneficiando a, aproximadamente 1.088 habitantes de la provincia de Manab\u00ed. Esta entrega est\u00e1 contemplada, como parte de [&hellip;]<\/p>\n","protected":false},"author":2,"featured_media":21692,"comment_status":"open","ping_status":"closed","sticky":false,"template":"","format":"standard","meta":{"_jetpack_memberships_contains_paid_content":false,"footnotes":""},"categories":[13],"tags":[1524],"class_list":["post-21691","post","type-post","status-publish","format-standard","has-post-thumbnail","hentry","category-noticias-nacionales","tag-ministro-de-desarrollo-urbano-y-vivienda"],"jetpack_featured_media_url":"https:\/\/radiocresatelital.com\/wp-content\/uploads\/2024\/12\/0d2296b7-34e2-4610-b915-b267fb7588e1-1536x1152-1.jpeg","jetpack_sharing_enabled":true,"_links":{"self":[{"href":"https:\/\/radiocresatelital.com\/index.php?rest_route=\/wp\/v2\/posts\/21691","targetHints":{"allow":["GET"]}}],"collection":[{"href":"https:\/\/radiocresatelital.com\/index.php?rest_route=\/wp\/v2\/posts"}],"about":[{"href":"https:\/\/radiocresatelital.com\/index.php?rest_route=\/wp\/v2\/types\/post"}],"author":[{"embeddable":true,"href":"https:\/\/radiocresatelital.com\/index.php?rest_route=\/wp\/v2\/users\/2"}],"replies":[{"embeddable":true,"href":"https:\/\/radiocresatelital.com\/index.php?rest_route=%2Fwp%2Fv2%2Fcomments&post=21691"}],"version-history":[{"count":1,"href":"https:\/\/radiocresatelital.com\/index.php?rest_route=\/wp\/v2\/posts\/21691\/revisions"}],"predecessor-version":[{"id":21693,"href":"https:\/\/radiocresatelital.com\/index.php?rest_route=\/wp\/v2\/posts\/21691\/revisions\/21693"}],"wp:featuredmedia":[{"embeddable":true,"href":"https:\/\/radiocresatelital.com\/index.php?rest_route=\/wp\/v2\/media\/21692"}],"wp:attachment":[{"href":"https:\/\/radiocresatelital.com\/index.php?rest_route=%2Fwp%2Fv2%2Fmedia&parent=21691"}],"wp:term":[{"taxonomy":"category","embeddable":true,"href":"https:\/\/radiocresatelital.com\/index.php?rest_route=%2Fwp%2Fv2%2Fcategories&post=21691"},{"taxonomy":"post_tag","embeddable":true,"href":"https:\/\/radiocresatelital.com\/index.php?rest_route=%2Fwp%2Fv2%2Ftags&post=21691"}],"curies":[{"name":"wp","href":"https:\/\/api.w.org\/{rel}","templated":true}]}}