{"id":21664,"date":"2024-12-03T19:29:28","date_gmt":"2024-12-03T19:29:28","guid":{"rendered":"https:\/\/radiocresatelital.com\/?p=21664"},"modified":"2024-12-03T21:32:50","modified_gmt":"2024-12-03T21:32:50","slug":"quito-pichincha-este-3-de-diciembre-el-presidente-de-la-republica-daniel-noboa-azin-recorrio-las-instalaciones-del-instituto-de-seguridad-social-de-las-fuerzas-armadas-issfa-destacando-su-comp","status":"publish","type":"post","link":"https:\/\/radiocresatelital.com\/?p=21664","title":{"rendered":"Quito, Pichincha. Este 3 de diciembre, el presidente de la Rep\u00fablica, Daniel Noboa Azin, recorri\u00f3 las instalaciones del Instituto de Seguridad Social de las Fuerzas Armadas (ISSFA), destacando su compromiso con la instituci\u00f3n, los uniformados y sus familias. Durante su intervenci\u00f3n, el Mandatario, como comandante en jefe de las Fuerzas Armadas, reconoci\u00f3 la labor esencial y valent\u00eda de los militares en la defensa de la seguridad nacional, la lucha contra el narcotr\u00e1fico y el terrorismo, especialmente en el contexto del conflicto armado interno. En esta l\u00ednea, expres\u00f3: \u00abEs un desaf\u00edo para demostrar lo que somos capaces de lograr juntos, trabajando duro, para mejorar la vida de las familias ecuatorianas\u201d. Agreg\u00f3 que, producto de ese esfuerzo conjunto, \u201cen apenas un a\u00f1o logramos lo que nunca se atrevieron anteriores gobiernos, por miedo o por complicidad, que es plantar la cara a las mafias, enfrentar al terrorismo y lo que hacemos d\u00eda a d\u00eda con el apoyo valeroso de nuestras Fuerzas Armadas.\u00bb Entre las acciones concretas que esta administraci\u00f3n ha asumido para saldar deudas hist\u00f3ricas con los militares, activos y pasivos, se encuentra la conciliaci\u00f3n de los valores adeudados al ISSFA desde 2014 hasta 2023. Este proceso busca definir con precisi\u00f3n el monto total de esta deuda y representa un compromiso de las obligaciones del Estado con las Fuerzas Armadas. Adem\u00e1s, el Gobierno Nacional garantiza el cumplimiento del acuerdo de pago por aportes atrasados, con un desembolso de USD 14 millones mensuales que totalizar\u00e1n USD 28 millones hasta el cierre del a\u00f1o 2024. Asimismo, asegura el pago de las contribuciones mensuales para pensiones, destinando USD 34 millones en noviembre y USD 68 millones en diciembre. \u201cTienen mi compromiso eterno de velar por mi familia, que es la familia de las Fuerzas Armadas, y porque siempre este bien atendido el ISSFA y las familias militares\u201d, afirm\u00f3 el Primer Mandatario. El ISSFA atiende a un total de 232.000 afiliados, entre militares en servicio activo y pasivo. Por su parte, el director del ISSFA, Jos\u00e9 Ignacio Fiallo, destac\u00f3 los cuatro seguros clave que administra el Instituto: el de retiro, invalidez y muerte; el de cesant\u00eda; el seguro de enfermedad y maternidad; y el seguro de vida y accidentes. Adem\u00e1s, resalt\u00f3 la trascendencia de esta visita oficial del Jefe de Estado, afirmando: \u201cEs la primera vez en la que en este Instituto se recibe a un Mandatario en sus 32 a\u00f1os de historia. Eso demuestra su real compromiso y preocupaci\u00f3n hacia la familia militar\u201d."},"content":{"rendered":"<p>Quito.- Sony Pictures anuncia el estreno de \u201cKraven: El Cazador\u201d, una audaz y visceral historia independiente que nos adentra en los or\u00edgenes de uno de los villanos m\u00e1s ic\u00f3nicos del universo Marvel. Protagonizada por Aaron Taylor-Johnson (Bullet Train, Kick-Ass), esta pel\u00edcula llega a las pantallas el 05 de diciembre y promete acci\u00f3n sin restricciones y una narrativa cautivadora.<\/p>\n<p>Kraven es un hombre atrapado entre el legado criminal de su familia y su deseo de ser el mejor cazador del mundo. Esta lucha interna lo llevar\u00e1 a tomar decisiones extremas que lo transformar\u00e1n en uno de los personajes m\u00e1s temidos del universo Marvel. La pel\u00edcula tambi\u00e9n introduce a otros personajes como Calypso (Ariana DeBose), una misteriosa aliada espiritual, y Aleksei Sytsevich, tambi\u00e9n conocido como el Rinoceronte (Alessandro Nivola).<\/p>\n<p>El director J.C. Chandor ha optado por una visi\u00f3n cruda y realista, filmando en locaciones aut\u00e9nticas en Inglaterra y adoptando una est\u00e9tica visceral que distingue a esta pel\u00edcula de otras del g\u00e9nero. \u00ab<em>Kraven no es un superh\u00e9roe; es un hombre moldeado por sus circunstancias y sus decisiones<\/em>\u00ab, explica Chandor.<\/p>\n<p>A diferencia de otros personajes de Marvel, Kraven se presenta como un antih\u00e9roe con un fuerte trasfondo emocional y moral. Sony Pictures contin\u00faa expandiendo su universo con pel\u00edculas que desaf\u00edan los estereotipos tradicionales de los superh\u00e9roes, ofreciendo protagonistas complejos y realistas que tienen un impacto en el espectador m\u00e1s all\u00e1 de las secuencias de acci\u00f3n.<\/p>\n<p><em>Kraven el Cazador<\/em> no solo es un thriller cargado de acci\u00f3n, sino tambi\u00e9n una meditaci\u00f3n sobre el equilibrio entre el hombre y la naturaleza. Filmada con una est\u00e9tica visual impactante, la pel\u00edcula promete una experiencia inmersiva que deleitar\u00e1 tanto a los fan\u00e1ticos de Marvel como a los amantes del cine de acci\u00f3n.<\/p>\n","protected":false},"excerpt":{"rendered":"<p>Quito.- Sony Pictures anuncia el estreno de \u201cKraven: El Cazador\u201d, una audaz y visceral historia independiente que nos adentra en los or\u00edgenes de uno de los villanos m\u00e1s ic\u00f3nicos del universo Marvel. Protagonizada por Aaron Taylor-Johnson (Bullet Train, Kick-Ass), esta pel\u00edcula llega a las pantallas el 05 de diciembre y promete acci\u00f3n sin restricciones y [&hellip;]<\/p>\n","protected":false},"author":2,"featured_media":21665,"comment_status":"open","ping_status":"closed","sticky":false,"template":"","format":"standard","meta":{"_jetpack_memberships_contains_paid_content":false,"footnotes":""},"categories":[880],"tags":[3423,1243],"class_list":["post-21664","post","type-post","status-publish","format-standard","has-post-thumbnail","hentry","category-cine","tag-kraven-el-cazador","tag-sony-pictures"],"jetpack_featured_media_url":"https:\/\/radiocresatelital.com\/wp-content\/uploads\/2024\/12\/DF-08681_r-scaled.jpg","jetpack_sharing_enabled":true,"_links":{"self":[{"href":"https:\/\/radiocresatelital.com\/index.php?rest_route=\/wp\/v2\/posts\/21664","targetHints":{"allow":["GET"]}}],"collection":[{"href":"https:\/\/radiocresatelital.com\/index.php?rest_route=\/wp\/v2\/posts"}],"about":[{"href":"https:\/\/radiocresatelital.com\/index.php?rest_route=\/wp\/v2\/types\/post"}],"author":[{"embeddable":true,"href":"https:\/\/radiocresatelital.com\/index.php?rest_route=\/wp\/v2\/users\/2"}],"replies":[{"embeddable":true,"href":"https:\/\/radiocresatelital.com\/index.php?rest_route=%2Fwp%2Fv2%2Fcomments&post=21664"}],"version-history":[{"count":1,"href":"https:\/\/radiocresatelital.com\/index.php?rest_route=\/wp\/v2\/posts\/21664\/revisions"}],"predecessor-version":[{"id":21666,"href":"https:\/\/radiocresatelital.com\/index.php?rest_route=\/wp\/v2\/posts\/21664\/revisions\/21666"}],"wp:featuredmedia":[{"embeddable":true,"href":"https:\/\/radiocresatelital.com\/index.php?rest_route=\/wp\/v2\/media\/21665"}],"wp:attachment":[{"href":"https:\/\/radiocresatelital.com\/index.php?rest_route=%2Fwp%2Fv2%2Fmedia&parent=21664"}],"wp:term":[{"taxonomy":"category","embeddable":true,"href":"https:\/\/radiocresatelital.com\/index.php?rest_route=%2Fwp%2Fv2%2Fcategories&post=21664"},{"taxonomy":"post_tag","embeddable":true,"href":"https:\/\/radiocresatelital.com\/index.php?rest_route=%2Fwp%2Fv2%2Ftags&post=21664"}],"curies":[{"name":"wp","href":"https:\/\/api.w.org\/{rel}","templated":true}]}}