{"id":21616,"date":"2024-12-02T22:15:14","date_gmt":"2024-12-02T22:15:14","guid":{"rendered":"https:\/\/radiocresatelital.com\/?p=21616"},"modified":"2024-12-02T22:15:14","modified_gmt":"2024-12-02T22:15:14","slug":"fifa-le-llamo-mucho-la-atencion-que-los-estadios-de-chile-esten-llenos-de-rejas","status":"publish","type":"post","link":"https:\/\/radiocresatelital.com\/?p=21616","title":{"rendered":"FIFA le llam\u00f3 mucho la atenci\u00f3n que los estadios de Chile est\u00e9n llenos de rejas"},"content":{"rendered":"<div class=\"wp-caption thumb-caption\"><\/div>\n<div class=\"entry-content\">\n<div id=\"powerbeans-widget\" class=\"light\">\n<div class=\"App beans-bg-primary beans-relative beans-flex beans-justify-around beans-flex-row beans-py-2 beans-items-center beans-rounded-xl beans-py-1 beans-px-3 beans-drop-shadow-md\">\n<div id=\"powerbeans-player-container\" class=\"!beans-flex beans-items-center beans-justify-center !beans-w-full\">\n<div class=\"!beans-w-full\">\n<div class=\"beans-grid  beans-gap-y-[2px] !beans-leading-[14px] beans-gap-1 beans-mb-3\">\n<div class=\"beans-flex beans-gap-2\">\n<div class=\"beans-flex-grow\">\n<div class=\"beans-transition-all beans-duration-700 beans-ease-in-out beans-overflow-hidden beans-opacity-100\">\n<div class=\"beans-transition-all beans-linear beans-duration-[900ms] beans-translate-y-0 beans-translate-x-0\">\n<div class=\"beans-h-[36px] !beans-flex !beans-grow !beans-justify-between !beans-px-1.5\">\n<div class=\"beans-bg-primary !beans-w-[90%] beans-rounded-lg beans-rounded-t-none !beans-grid !beans-items-center\">\n<div class=\"beans-flex beans-gap-2 beans-w-full beans beans-h-full beans-self-center  !beans-pl-0.5 beans-py-1\">\n<div class=\"beans-text-primary !beans-text-[10px] sm:!beans-text-[11.5px] beans-whitespace-nowrap beans-self-center beans-font-semibold beans-pt-0.5\">Santiago de Chile .- La Federaci\u00f3n Internacional de F\u00fatbol Asociado (FIFA) ha enviado una comunicaci\u00f3n a la Asociaci\u00f3n Nacional de F\u00fatbol en Chile que realizce cambios en algunos estadios que acoger\u00e1n en 2025 los cotejos del Mundial sub-20, como la eliminaci\u00f3n de rejas y jaulas que segmentan a los aficionados, inform\u00f3 el director del comit\u00e9 organizador, Felipe de Pablo.<\/div>\n<\/div>\n<\/div>\n<\/div>\n<\/div>\n<\/div>\n<\/div>\n<\/div>\n<\/div>\n<\/div>\n<\/div>\n<\/div>\n<\/div>\n<p class=\"wp-block-verse\">\u201cA la FIFA le llam\u00f3 mucho la atenci\u00f3n que los estadios de Chile est\u00e9n llenos de rejas, con grandes colchones de seguridad, con vallas en todos lados. Lo primero que piden es que no existan rejas\u201d, dijo de Pablo en entrevista que publica la edici\u00f3n electr\u00f3nica del diario La Tercera.<\/p>\n<p>Las autoridades FIFA no quieren que los estadios del torneo luzcan segmentados como jaulas para dividir a los espectadores en tribunas. Esa segmentaci\u00f3n es habitual en el f\u00fatbol chileno, pero la FIFA busca garantizar un entorno m\u00e1s unificado y seguro para los asistentes.<\/p>\n<p>Los casos de violencia provocados por fan\u00e1ticos y barras bravas ha llevados a las autoridades del f\u00fatbol a impedir el ingreso en los estadios de hinchas visitantes, y a programar partidos con seguidores del equipo local.<\/p>\n<p>\u201cLa seguridad en s\u00ed no ha sido un tema de discusi\u00f3n\u201d, matiz\u00f3.<\/p>\n<p>La FIFA notific\u00f3, el pasado mi\u00e9rcoles, el descarte del estadio Sausalito de Vi\u00f1a del Mar como sede debido a retrasos en obras.<\/p>\n<p>As\u00ed las cosas, el Mundial sub-20 se jugar\u00e1 en cuatro ciudades, como sucedi\u00f3 con la edici\u00f3n de 2023 acogida por Argentina.<\/p>\n<p>\u201cFue descartada principalmente por falta de informaci\u00f3n respecto de las remodelaciones que se deben realizar al estadio Sausalito. Debemos considerar que todos los estadios ya est\u00e1n muy avanzados respecto de sus licitaciones\u00bb, explic\u00f3.<\/p>\n<p>Los recintos aprobados para el torneo que se jugar\u00e1 en el \u00faltimo trimestre de 2025, fueron el Estadio Nacional Julio Mart\u00ednez Pr\u00e1danos de Santiago, el Estadio El Teniente de Rancagua, el Estadio Fiscal en Talca y el Estadio El\u00edas Figueroa Brander de Valpara\u00edso, pero, seg\u00fan De Pablo, no todos fueron obtuvieron la m\u00e1xima ponderaci\u00f3n de la FIFA.<\/p>\n<p class=\"wp-block-preformatted\">\u201cAlgunos estadios llegaron a nota 2, que es bastante baja. Otras tuvieron nota 4, casi para 5. El Nacional fue uno de ellos, y eso nos da tranquilidad, porque el Nacional va a ser s\u00ed o s\u00ed un lugar que va a recibir a lo menos a dos grupos de la competencia. Tenemos mucho que hacer\u201d, argument\u00f3.<\/p>\n<p>Entre los trabajos pendientes hay aspectos b\u00e1sicos como las medidas del campo, los riegos automatizados y la iluminaci\u00f3n, y en los casos de menor calificaci\u00f3n est\u00e1n obligados a realizar mejoras en infraestructura y cambiar la cancha completa.<\/p>\n<p>Los campos de entrenamiento tambi\u00e9n requieren mucha inversi\u00f3n.<\/p>\n<p>Seg\u00fan la fuente, porque se les exige que deben tener las mismas condiciones y caracter\u00edsticas de los estadios donde se jugar\u00e1.<\/p>\n<p class=\"wp-block-verse\">\u201cM\u00e1s que preocupaci\u00f3n, estamos trabajando con una hoja de ruta clara, en donde se establecen prioridades. Existen diversos avances, as\u00ed como tambi\u00e9n validaciones que FIFA est\u00e1 realizando hacia las propuestas de mejoras\u201d, dijo.<\/p>\n<p>Chile costea la inversi\u00f3n en infraestructura de los estadios para la organizaci\u00f3n del Mundial Sub-20, mientras que la FIFA proporciona asesor\u00eda experta, recursos t\u00e9cnicos y cubre los costos de organizaci\u00f3n.<\/p>\n<div class=\"wp-block-image\">\n<figure class=\"aligncenter size-full\">\u201cTodo lo que es la operaci\u00f3n de un partido, guardias, aseo, alimentaci\u00f3n, \u2018ticketing\u2019, transporte, servicios m\u00e9dicos. El \u2018broadcaster\u2019, que es la transmisi\u00f3n, el \u2018branding\u2019, \u2018sponsor\u2019, marcas, y lo que se gasta en hoteler\u00eda y pasajes de jugadores, lo ve FIFA. Y el recurso humano tambi\u00e9n corre por cuenta de ellos\u201d, coment\u00f3.<\/figure>\n<\/div>\n<p>El torneo juvenil, que acoger\u00e1 Chile por segunda vez tras la edici\u00f3n de 1987, ya tiene confirmada la participaci\u00f3n de 12 de las 24 selecciones.<\/p>\n<p>Adem\u00e1s de Chile, en calidad de anfitri\u00f3n, est\u00e1n clasificadas las selecciones sub-20 de Espa\u00f1a, Francia, Italia, Ucrania, Noruega, Estados Unidos, Cuba, M\u00e9xico, Panam\u00e1, Nueva Caledonia y Nueva Zelanda.<\/p>\n<\/div>\n","protected":false},"excerpt":{"rendered":"<p>Santiago de Chile .- La Federaci\u00f3n Internacional de F\u00fatbol Asociado (FIFA) ha enviado una comunicaci\u00f3n a la Asociaci\u00f3n Nacional de F\u00fatbol en Chile que realizce cambios en algunos estadios que acoger\u00e1n en 2025 los cotejos del Mundial sub-20, como la eliminaci\u00f3n de rejas y jaulas que segmentan a los aficionados, inform\u00f3 el director del comit\u00e9 [&hellip;]<\/p>\n","protected":false},"author":2,"featured_media":21617,"comment_status":"open","ping_status":"closed","sticky":false,"template":"","format":"standard","meta":{"_jetpack_memberships_contains_paid_content":false,"footnotes":""},"categories":[7],"tags":[3413],"class_list":["post-21616","post","type-post","status-publish","format-standard","has-post-thumbnail","hentry","category-futbol-internacional","tag-mundial-sub-20"],"jetpack_featured_media_url":"https:\/\/radiocresatelital.com\/wp-content\/uploads\/2024\/12\/00000.webp","jetpack_sharing_enabled":true,"_links":{"self":[{"href":"https:\/\/radiocresatelital.com\/index.php?rest_route=\/wp\/v2\/posts\/21616","targetHints":{"allow":["GET"]}}],"collection":[{"href":"https:\/\/radiocresatelital.com\/index.php?rest_route=\/wp\/v2\/posts"}],"about":[{"href":"https:\/\/radiocresatelital.com\/index.php?rest_route=\/wp\/v2\/types\/post"}],"author":[{"embeddable":true,"href":"https:\/\/radiocresatelital.com\/index.php?rest_route=\/wp\/v2\/users\/2"}],"replies":[{"embeddable":true,"href":"https:\/\/radiocresatelital.com\/index.php?rest_route=%2Fwp%2Fv2%2Fcomments&post=21616"}],"version-history":[{"count":1,"href":"https:\/\/radiocresatelital.com\/index.php?rest_route=\/wp\/v2\/posts\/21616\/revisions"}],"predecessor-version":[{"id":21618,"href":"https:\/\/radiocresatelital.com\/index.php?rest_route=\/wp\/v2\/posts\/21616\/revisions\/21618"}],"wp:featuredmedia":[{"embeddable":true,"href":"https:\/\/radiocresatelital.com\/index.php?rest_route=\/wp\/v2\/media\/21617"}],"wp:attachment":[{"href":"https:\/\/radiocresatelital.com\/index.php?rest_route=%2Fwp%2Fv2%2Fmedia&parent=21616"}],"wp:term":[{"taxonomy":"category","embeddable":true,"href":"https:\/\/radiocresatelital.com\/index.php?rest_route=%2Fwp%2Fv2%2Fcategories&post=21616"},{"taxonomy":"post_tag","embeddable":true,"href":"https:\/\/radiocresatelital.com\/index.php?rest_route=%2Fwp%2Fv2%2Ftags&post=21616"}],"curies":[{"name":"wp","href":"https:\/\/api.w.org\/{rel}","templated":true}]}}