{"id":21570,"date":"2024-11-29T21:50:53","date_gmt":"2024-11-29T21:50:53","guid":{"rendered":"https:\/\/radiocresatelital.com\/?p=21570"},"modified":"2024-11-29T21:50:53","modified_gmt":"2024-11-29T21:50:53","slug":"esta-exclusion-parece-ignorar-no-solo-los-numeros-y-los-exitos-logrados-por-martinez-giuseppe-marotta","status":"publish","type":"post","link":"https:\/\/radiocresatelital.com\/?p=21570","title":{"rendered":"Esta exclusi\u00f3n parece ignorar no s\u00f3lo los n\u00fameros y los \u00e9xitos logrados por Mart\u00ednez, Giuseppe Marotta"},"content":{"rendered":"<p>Z\u00farich.- El Presidente del Inter de Mil\u00e1n, Giuseppe Marotta, indic\u00f3: \u00abResulta sorprendente y decepcionante que Lautaro Mart\u00ednez no haya sido incluido entre los candidatos al premio \u00abThe Best\u00bb de la FIFA despu\u00e9s de la gran temporada que tuvo\u00bb, al conocerse la lista de postulantes al premio al que s\u00ed es candidato su compatriota Lionel Messi.<\/p>\n<p>El capit\u00e1n \u00abnerazzurro\u00bb, record\u00f3 Marotta, \u00abtuvo excelentes partidos que llevaron a Inter a lograr metas hist\u00f3ricas y a la selecci\u00f3n argentina a retener el t\u00edtulo en la Copa Am\u00e9rica y en ambos torneos sus goles fueron decisivos.\u00a0Por eso, creo que Lautaro merece m\u00e1s respeto y un mayor reconocimiento\u00bb, reiter\u00f3.<\/p>\n<p>\u00abEsta exclusi\u00f3n parece ignorar no s\u00f3lo los n\u00fameros y los \u00e9xitos logrados por Mart\u00ednez, sino su rol decisivo en partidos clave. Es una mala se\u00f1al porque deber\u00edan ser premiados los jugadores que se distinguieron como \u00e9l lo hizo. Esperamos que en el futuro le sea otorgado el justo reconocimiento a quien, como Lautaro, sigue brillando en la cancha\u00bb, complet\u00f3 el presidente de Inter.<\/p>\n<p>Mart\u00ednez, que finaliz\u00f3 s\u00e9ptimo en la elecci\u00f3n del \u00abBal\u00f3n de Oro\u00bb que consagr\u00f3 al espa\u00f1ol Rodri, del Manchester City, fue \u00abcapocannoniere\u00bb del \u00abCalcio\u00bb en la pasada temporada que consagr\u00f3 a Inter como campe\u00f3n de Italia por vig\u00e9sima ocasi\u00f3n con 24 goles, a los que sum\u00f3 otros cinco para que Argentina retuviera su corona en la Copa Am\u00e9rica que se celebr\u00f3 en Estados Unidos y de la que fue goleador.<\/p>\n<p>Los premios \u00abThe Best\u00bb reconocen a los mejores futbolistas del mundo en el per\u00edodo que va del 21 de agosto de 2023 al 10 de agosto de 2024, raz\u00f3n por la cual tanto la Copa Am\u00e9rica, como la Eurocopa que consagr\u00f3 campeona a Espa\u00f1a en suelo alem\u00e1n son tenidas en cuenta a la hora de realizar la elecci\u00f3n en la que Mart\u00ednez qued\u00f3 al margen.<\/p>\n<p>Esta edici\u00f3n del galard\u00f3n que otorga la FIFA, tal como sucedi\u00f3 en la elecci\u00f3n del \u00abBal\u00f3n de Oro\u00bb que entrega \u00abFrance Football\u00bb, no est\u00e1 exenta de pol\u00e9mica, como ocurri\u00f3 en aquella en la que casi todos coincid\u00edan que el vencedor ser\u00eda el delantero brasile\u00f1o Vinicius Junior, del Real Madrid, que podr\u00eda tener su revancha en los premios \u00abThe Best\u00bb, pues figura entre los once candidatos.<\/p>\n<p>Mart\u00ednez podr\u00eda tener la suya tambi\u00e9n en la decimoquinta de los \u00abGlobe Soccer Awards\u00bb que se entregar\u00e1n el 27 de diciembre en Dubai y en los que el capit\u00e1n \u00abnerazzurro\u00bb figura como postulante no s\u00f3lo al premio \u00abMejor Jugador\u00bb, sino tambi\u00e9n al de \u00abMejor Delantero\u00bb.<\/p>\n<p>No as\u00ed en el premio \u00abThe Best\u00bb, al que est\u00e1n postulados, adem\u00e1s de Vinicius Jrs y de Messi, ganador en 2022 y en 2023, jugador de Inter de Miami, goleador hist\u00f3rico de la \u00abalbiceleste\u00bb con 112 festejos y \u00fanico vencedor de ocho ediciones del \u00abBal\u00f3n de Oro\u00bb.<\/p>\n<p>Tambi\u00e9n son candidatos Rodri, sus compatriotas Dani Carvajal (Real Madrid) y Lamine Yamal (Barcelona), el noruego Erling Haaland (Manchester City), el uruguayo Federico Valverde, el franc\u00e9s Kylian Mbapp\u00e9 y el brit\u00e1nico Jude Bellingham (Real Madrid) y los alemanes Toni Kroos (ya retirado con el equipo \u00abmerengue\u00bb) y Florian Wirtz (Bayer Leverkusen).<\/p>\n<p>El italiano Carlo Ancelotti, campe\u00f3n de la Champions una vez m\u00e1s con Real Madrid, figura entre los candidatos a \u00abMejor Entrenador\u00bb junto con el argentino Lionel Scaloni (bicampe\u00f3n de Am\u00e9rica) y los espa\u00f1oles Luis de la Fuente (conductor de la \u00abRoja\u00bb campeona de Europa) Josep Guardiola (Manchester City) y Xavi Alonso (Bayer Leverkusen).<\/p>\n<p>Entre las damas, las nominadas al premio \u00abThe Best\u00bb a la \u00abMejor Jugadora\u00bb son la espa\u00f1ola Aitana Bonmat\u00ed (Barcelona), ganadora del \u00abBal\u00f3n de Oro\u00bb en 2023 y 2024 , la noruega Caroline Graham Hansen, las brit\u00e1nicas Keira Walsh y Lucy Bronze y las tambi\u00e9n espa\u00f1olas Ona Battle y Salma Paralluelo, todas ellas integrantes del plantel \u00abblaugrana\u00bb.<\/p>\n<p>En Barcelona supo jugar la tambi\u00e9n postulada espa\u00f1ola Mariona Caldentey, que hoy milita en Arsenal, mientras que Manchester City estar\u00e1 representado por la brit\u00e1nica Lauren Hemp y la jamaiquina Khadija Shaw, Olympique Lyon por la estadounidense Lindsey Horan y Par\u00eds Saint-Germain por Tabitha Chawinga, oriunda de Malaui.<\/p>\n<p>La National Women&#8217;s Soccer estadounidense, en la que jugaba la zambiana Barbra Banda (ex Orando Pride y actualmente en Shanghai Shengli)m, estar\u00e1 representada por Mallory Swanson (Chicago Red Stars), Naomi Girma (San Diego Wave), Trinity Rodman (Washington Spirit) y Sophia Smith (Portland Thorns).<\/p>\n<p>Volviendo al f\u00fatbol masculino, el argentino Emiliano \u00abDibu\u00bb Mart\u00ednez, campe\u00f3n mundial en Qatar 2022 y bicampe\u00f3n de la Copa Am\u00e9rica que ataja en Aston Villa, est\u00e1 postulado como \u00abMejor Arquero\u00bb del a\u00f1o (gan\u00f3 el \u00abTrofeo Yashin\u00bb en las \u00faltimas dos ediciones del \u00abBal\u00f3n de Oro\u00bb) junto con el brasile\u00f1o Ederson (Manchester City), el ucraniano Andriy Lunin (Real Madrid), los espa\u00f1oles Unai Sim\u00f3n (Athletic de Bilbao) y David Raya (Arsenal), el italiano Gianluigi Donnarumma (Par\u00eds Saint-Germain) y el franc\u00e9s Mike Maignan (Milan).<\/p>\n<p>Entre los candidatos a ganar el premio \u00abFerenc Puskas\u00bb al mejor gol est\u00e1n los argentinos Walter Bou (Lan\u00fas) y Alejandro Garnacho (Manchester United), el hondure\u00f1o Michaell Chirinos y el italiano Federico Dimarco (Inter), entre otros.<\/p>\n<p>Los ganadores de la novena edici\u00f3n del premio \u00abThe Best\u00bb ser\u00e1n anunciados al finalizar la votaci\u00f3n de los aficionados, que tendr\u00e1n tiempo de hacerlo hasta la medianoche del 10 de diciembre, en la que tambi\u00e9n participan representantes de los principales medios de prensa, ex futbolistas, capitanes y entrenadores de las selecciones nacionales.<\/p>\n","protected":false},"excerpt":{"rendered":"<p>Z\u00farich.- El Presidente del Inter de Mil\u00e1n, Giuseppe Marotta, indic\u00f3: \u00abResulta sorprendente y decepcionante que Lautaro Mart\u00ednez no haya sido incluido entre los candidatos al premio \u00abThe Best\u00bb de la FIFA despu\u00e9s de la gran temporada que tuvo\u00bb, al conocerse la lista de postulantes al premio al que s\u00ed es candidato su compatriota Lionel Messi. [&hellip;]<\/p>\n","protected":false},"author":2,"featured_media":21571,"comment_status":"open","ping_status":"closed","sticky":false,"template":"","format":"standard","meta":{"_jetpack_memberships_contains_paid_content":false,"footnotes":""},"categories":[7],"tags":[592,160],"class_list":["post-21570","post","type-post","status-publish","format-standard","has-post-thumbnail","hentry","category-futbol-internacional","tag-giuseppe-marotta","tag-inter-de-milan"],"jetpack_featured_media_url":"https:\/\/radiocresatelital.com\/wp-content\/uploads\/2024\/11\/marotta-e1538387267790.jpg","jetpack_sharing_enabled":true,"_links":{"self":[{"href":"https:\/\/radiocresatelital.com\/index.php?rest_route=\/wp\/v2\/posts\/21570","targetHints":{"allow":["GET"]}}],"collection":[{"href":"https:\/\/radiocresatelital.com\/index.php?rest_route=\/wp\/v2\/posts"}],"about":[{"href":"https:\/\/radiocresatelital.com\/index.php?rest_route=\/wp\/v2\/types\/post"}],"author":[{"embeddable":true,"href":"https:\/\/radiocresatelital.com\/index.php?rest_route=\/wp\/v2\/users\/2"}],"replies":[{"embeddable":true,"href":"https:\/\/radiocresatelital.com\/index.php?rest_route=%2Fwp%2Fv2%2Fcomments&post=21570"}],"version-history":[{"count":1,"href":"https:\/\/radiocresatelital.com\/index.php?rest_route=\/wp\/v2\/posts\/21570\/revisions"}],"predecessor-version":[{"id":21572,"href":"https:\/\/radiocresatelital.com\/index.php?rest_route=\/wp\/v2\/posts\/21570\/revisions\/21572"}],"wp:featuredmedia":[{"embeddable":true,"href":"https:\/\/radiocresatelital.com\/index.php?rest_route=\/wp\/v2\/media\/21571"}],"wp:attachment":[{"href":"https:\/\/radiocresatelital.com\/index.php?rest_route=%2Fwp%2Fv2%2Fmedia&parent=21570"}],"wp:term":[{"taxonomy":"category","embeddable":true,"href":"https:\/\/radiocresatelital.com\/index.php?rest_route=%2Fwp%2Fv2%2Fcategories&post=21570"},{"taxonomy":"post_tag","embeddable":true,"href":"https:\/\/radiocresatelital.com\/index.php?rest_route=%2Fwp%2Fv2%2Ftags&post=21570"}],"curies":[{"name":"wp","href":"https:\/\/api.w.org\/{rel}","templated":true}]}}