{"id":21558,"date":"2024-11-29T21:23:24","date_gmt":"2024-11-29T21:23:24","guid":{"rendered":"https:\/\/radiocresatelital.com\/?p=21558"},"modified":"2024-11-29T21:23:24","modified_gmt":"2024-11-29T21:23:24","slug":"women-economic-forum-ecuador-firmo-alianza-con-ministerio-tic-de-colombia-para-combatir-la-violencia-digital-contra-las-mujeres","status":"publish","type":"post","link":"https:\/\/radiocresatelital.com\/?p=21558","title":{"rendered":"Women Economic Forum Ecuador firm\u00f3 alianza con Ministerio TIC de Colombia para combatir la violencia digital contra las mujeres"},"content":{"rendered":"<p>Quito.- El Women Economic Forum de Ecuador firm\u00f3 este mi\u00e9rcoles en el Parlamento Andino una alianza para trabajar de manera conjunta con el Ministerio TIC de Colombia en la prevenci\u00f3n y la erradicaci\u00f3n de la violencia digital de g\u00e9nero mediante acciones pedag\u00f3gicas; campa\u00f1as de sensibilizaci\u00f3n y estudios sobre la prevalencia, caracter\u00edsticas e impacto de este tipo de violencia. Adem\u00e1s, la iniciativa busca promover el liderazgo, la innovaci\u00f3n y la apropiaci\u00f3n TIC, empoderando a las mujeres para aportar en la reducci\u00f3n de las brechas laborales, econ\u00f3micas y sociales y as\u00ed disminuir la violencia de g\u00e9nero en entornos digitales.<\/p>\n<p>Como plataforma que promueve el empoderamiento de las mujeres en \u00e1mbitos econ\u00f3micos, empresariales y sociales el WEF fomenta el intercambio de conocimientos, la creaci\u00f3n de redes colaborativas y la generaci\u00f3n de oportunidades que contribuyan al desarrollo sostenible de las mujeres. As\u00ed lo expres\u00f3 Catalina Caj\u00edas, directora del WEF Ecuador, quien habl\u00f3 de las acciones concretas que promover\u00e1 esta alianza: \u00abvamos a cruzar informaci\u00f3n en la que permitamos tener aprendizajes y ense\u00f1anzas de doble v\u00eda, donde el trabajo que ya ha venido realizando Colombia se pueda replicar en Ecuador, y de nuestro Ecuador, replicarlo ac\u00e1 tambi\u00e9n; porque muchas veces caminamos solos, pero hoy nuestra insignia es: Juntos, juntas, llegamos m\u00e1s lejos\u00bb.<\/p>\n<p>Cifras de diferentes organizaciones internacionales, como ONU Mujeres y Unicef, demuestran el impacto de las violencias digitales. El 30% de las v\u00edctimas de sextorsi\u00f3n no denuncia por temor a represalias o por desconfianza en las instituciones, mientras que el 35% de las adolescentes ha considerado abandonar las redes sociales debido al constante acoso, esto no solo aleja a las mujeres de oportunidades, sino que limita su participaci\u00f3n y el pleno ejercicio de sus derechos.<\/p>\n<p>Este convenio se suma a los esfuerzos que el Ministerio TIC ha desarrollado para avanzar hacia una sociedad libre de violencia contra la mujer a trav\u00e9s de iniciativas como CiberPaz y Mujeres TIC para el cambio, en las que mediante la formaci\u00f3n en liderazgo digital y sensibilizaci\u00f3n sobre el uso seguro y responsable de la tecnolog\u00eda, brinda a los colombianos herramientas y habilidades para prevenir estas violencias y garantizar que los espacios en l\u00ednea sean inclusivos y seguros para todos y todas.<\/p>\n<p>\u201cHoy con esta gran alianza buscamos que las mujeres, y sobre todo las nuevas generaciones, que se est\u00e1n acercando a la tecnolog\u00eda se sientan seguras. Esta uni\u00f3n interinstitucional tiene el objetivo de ampliar nuestro alcance para, a trav\u00e9s de la educaci\u00f3n, brindar herramientas para que cada ciudadano digital act\u00fae de manera cr\u00edtica y emp\u00e1tica, haciendo de Internet un espacio en el que podamos conectarnos y construir. Gracias a todos por sumarse a nosotras para alzar la voz y decir: \u00a1no m\u00e1s violencia de g\u00e9nero!\u201d, destac\u00f3 Carina Murcia, directora de Apropiaci\u00f3n del Ministerio TIC.<\/p>\n<p>La firma se realiz\u00f3 en la sede del Parlamento Andino en Bogot\u00e1 y cont\u00f3 con la participaci\u00f3n de Gustavo Pacheco Villar, presidente de esta corporaci\u00f3n; Juan Carlos Ram\u00edrez, presidente de la Comisi\u00f3n de Futuro, y los parlamentarios de Bolivia, Per\u00fa, Ecuador, Colombia y Chile, al igual que lideresas de organizaciones sociales, empresas, colectivos feministas e influenciadoras digitales como Natalia Dur\u00e1n, Johanna Moreno y Valeria de la Espriella, quienes luchan contra la violencia hacia la mujer en diversos \u00e1mbitos.<\/p>\n","protected":false},"excerpt":{"rendered":"<p>Quito.- El Women Economic Forum de Ecuador firm\u00f3 este mi\u00e9rcoles en el Parlamento Andino una alianza para trabajar de manera conjunta con el Ministerio TIC de Colombia en la prevenci\u00f3n y la erradicaci\u00f3n de la violencia digital de g\u00e9nero mediante acciones pedag\u00f3gicas; campa\u00f1as de sensibilizaci\u00f3n y estudios sobre la prevalencia, caracter\u00edsticas e impacto de este [&hellip;]<\/p>\n","protected":false},"author":2,"featured_media":21559,"comment_status":"open","ping_status":"closed","sticky":false,"template":"","format":"standard","meta":{"_jetpack_memberships_contains_paid_content":false,"footnotes":""},"categories":[13],"tags":[1126],"class_list":["post-21558","post","type-post","status-publish","format-standard","has-post-thumbnail","hentry","category-noticias-nacionales","tag-women-economic-forum"],"jetpack_featured_media_url":"https:\/\/radiocresatelital.com\/wp-content\/uploads\/2024\/11\/WhatsApp-Image-2024-11-28-at-17.59.33.jpeg","jetpack_sharing_enabled":true,"_links":{"self":[{"href":"https:\/\/radiocresatelital.com\/index.php?rest_route=\/wp\/v2\/posts\/21558","targetHints":{"allow":["GET"]}}],"collection":[{"href":"https:\/\/radiocresatelital.com\/index.php?rest_route=\/wp\/v2\/posts"}],"about":[{"href":"https:\/\/radiocresatelital.com\/index.php?rest_route=\/wp\/v2\/types\/post"}],"author":[{"embeddable":true,"href":"https:\/\/radiocresatelital.com\/index.php?rest_route=\/wp\/v2\/users\/2"}],"replies":[{"embeddable":true,"href":"https:\/\/radiocresatelital.com\/index.php?rest_route=%2Fwp%2Fv2%2Fcomments&post=21558"}],"version-history":[{"count":1,"href":"https:\/\/radiocresatelital.com\/index.php?rest_route=\/wp\/v2\/posts\/21558\/revisions"}],"predecessor-version":[{"id":21560,"href":"https:\/\/radiocresatelital.com\/index.php?rest_route=\/wp\/v2\/posts\/21558\/revisions\/21560"}],"wp:featuredmedia":[{"embeddable":true,"href":"https:\/\/radiocresatelital.com\/index.php?rest_route=\/wp\/v2\/media\/21559"}],"wp:attachment":[{"href":"https:\/\/radiocresatelital.com\/index.php?rest_route=%2Fwp%2Fv2%2Fmedia&parent=21558"}],"wp:term":[{"taxonomy":"category","embeddable":true,"href":"https:\/\/radiocresatelital.com\/index.php?rest_route=%2Fwp%2Fv2%2Fcategories&post=21558"},{"taxonomy":"post_tag","embeddable":true,"href":"https:\/\/radiocresatelital.com\/index.php?rest_route=%2Fwp%2Fv2%2Ftags&post=21558"}],"curies":[{"name":"wp","href":"https:\/\/api.w.org\/{rel}","templated":true}]}}