{"id":21555,"date":"2024-11-29T21:02:19","date_gmt":"2024-11-29T21:02:19","guid":{"rendered":"https:\/\/radiocresatelital.com\/?p=21555"},"modified":"2024-11-29T21:02:19","modified_gmt":"2024-11-29T21:02:19","slug":"emocion-y-adrenalina-en-la-primera-clasificatoria-del-certeman-de-coros-navidenos-las-voces-del-guayas","status":"publish","type":"post","link":"https:\/\/radiocresatelital.com\/?p=21555","title":{"rendered":"Emoci\u00f3n y adrenalina en la primera clasificatoria del certeman de coros navide\u00f1os \u00bb Las voces del Guayas\u00bb"},"content":{"rendered":"<p>Guayaquil.- Una sensacional tarde de villancicos se vivi\u00f3 en la primera clasificatoria del Concurso de Coros Navide\u00f1os: \u201cLas Voces Del Guayas\u201d. Evento desarrollado por la Gobernaci\u00f3n del Guayas en coordinaci\u00f3n con el Ministerio de Educaci\u00f3n y realizado en la Plaza de la Administraci\u00f3n.<\/p>\n<p>Las Unidades Educativas: Nuestra Se\u00f1ora del Rosario de Pompeya de Chong\u00f3n se enfrent\u00f3 al emblem\u00e1tico plantel Dolores Sucre, dejando talento, honor y gloria en el escenario.<\/p>\n<p>El encuentro estuvo presidido por el gobernador del Guayas, Vicente Auad, quien destac\u00f3 el talento y los valores de los ni\u00f1os y j\u00f3venes en estas festividades.<\/p>\n<p>\u201cHoy reconocemos todo el trabajo en equipo desarrollado por las escuelas y colegios, m\u00e1s all\u00e1 de ser una competencia, esta es una muestra del cari\u00f1o y el amor que le ponen a las cosas, siempre reflejando valores y sensibilidad en lo que hacen\u201d, destac\u00f3 la primera autoridad de la provincia.<\/p>\n<p>La U.E. Nuestra Se\u00f1ora del Rosario de Pompeya fue la afortunada y clasific\u00f3 a la semifinal que se realizar\u00e1 el mi\u00e9rcoles 18 de diciembre a las 3 de la tarde en el mismo escenario. Un concurso que se presenta bajo el gentil auspicio de Almacenes T\u00eda y Mc Donalds Ecuador, empresas que impulsan y resaltan el talento en la provincia.<\/p>\n<p>Alrededor de 10 Unidades Educativas de toda la Zona 8 est\u00e1n en competencia para llevarse el t\u00edtulo de #LASVOCESDELGUAYAS2024, el pr\u00f3ximo 20 de diciembre a las 15:00 en un gran especial denominado<br \/>\n\u00abNavidad Guayasense\u00bb<\/p>\n","protected":false},"excerpt":{"rendered":"<p>Guayaquil.- Una sensacional tarde de villancicos se vivi\u00f3 en la primera clasificatoria del Concurso de Coros Navide\u00f1os: \u201cLas Voces Del Guayas\u201d. Evento desarrollado por la Gobernaci\u00f3n del Guayas en coordinaci\u00f3n con el Ministerio de Educaci\u00f3n y realizado en la Plaza de la Administraci\u00f3n. Las Unidades Educativas: Nuestra Se\u00f1ora del Rosario de Pompeya de Chong\u00f3n se [&hellip;]<\/p>\n","protected":false},"author":2,"featured_media":21556,"comment_status":"open","ping_status":"closed","sticky":false,"template":"","format":"standard","meta":{"_jetpack_memberships_contains_paid_content":false,"footnotes":""},"categories":[13],"tags":[964,3402],"class_list":["post-21555","post","type-post","status-publish","format-standard","has-post-thumbnail","hentry","category-noticias-nacionales","tag-gobernacion-del-guayas","tag-las-voces-del-guayas"],"jetpack_featured_media_url":"https:\/\/radiocresatelital.com\/wp-content\/uploads\/2024\/11\/WhatsApp-Image-2024-11-29-at-09.28.32.jpeg","jetpack_sharing_enabled":true,"_links":{"self":[{"href":"https:\/\/radiocresatelital.com\/index.php?rest_route=\/wp\/v2\/posts\/21555","targetHints":{"allow":["GET"]}}],"collection":[{"href":"https:\/\/radiocresatelital.com\/index.php?rest_route=\/wp\/v2\/posts"}],"about":[{"href":"https:\/\/radiocresatelital.com\/index.php?rest_route=\/wp\/v2\/types\/post"}],"author":[{"embeddable":true,"href":"https:\/\/radiocresatelital.com\/index.php?rest_route=\/wp\/v2\/users\/2"}],"replies":[{"embeddable":true,"href":"https:\/\/radiocresatelital.com\/index.php?rest_route=%2Fwp%2Fv2%2Fcomments&post=21555"}],"version-history":[{"count":1,"href":"https:\/\/radiocresatelital.com\/index.php?rest_route=\/wp\/v2\/posts\/21555\/revisions"}],"predecessor-version":[{"id":21557,"href":"https:\/\/radiocresatelital.com\/index.php?rest_route=\/wp\/v2\/posts\/21555\/revisions\/21557"}],"wp:featuredmedia":[{"embeddable":true,"href":"https:\/\/radiocresatelital.com\/index.php?rest_route=\/wp\/v2\/media\/21556"}],"wp:attachment":[{"href":"https:\/\/radiocresatelital.com\/index.php?rest_route=%2Fwp%2Fv2%2Fmedia&parent=21555"}],"wp:term":[{"taxonomy":"category","embeddable":true,"href":"https:\/\/radiocresatelital.com\/index.php?rest_route=%2Fwp%2Fv2%2Fcategories&post=21555"},{"taxonomy":"post_tag","embeddable":true,"href":"https:\/\/radiocresatelital.com\/index.php?rest_route=%2Fwp%2Fv2%2Ftags&post=21555"}],"curies":[{"name":"wp","href":"https:\/\/api.w.org\/{rel}","templated":true}]}}