{"id":214,"date":"2023-06-21T23:14:42","date_gmt":"2023-06-21T23:14:42","guid":{"rendered":"https:\/\/radiocresatelital.com\/?p=214"},"modified":"2023-06-21T23:14:42","modified_gmt":"2023-06-21T23:14:42","slug":"cuidando-vidas-atiende-con-exito-a-mas-de-300-comuneros-de-isla-santay","status":"publish","type":"post","link":"https:\/\/radiocresatelital.com\/?p=214","title":{"rendered":"Cuidando Vidas atiende con \u00e9xito a m\u00e1s de 300 comuneros de Isla Santay"},"content":{"rendered":"<p><span style=\"font-weight: 400;\">Guayaquil.- Cuidando Vidas lleg\u00f3 este mi\u00e9rcoles 21 de junio hasta la ecoaldea Isla Santay, donde m\u00e1s de 300 guayasenses se beneficiaron con servicios de salud, formaci\u00f3n, bienestar y generaci\u00f3n de ingresos y emprendimientos.<\/span><\/p>\n<p><span style=\"font-weight: 400;\">Este programa gratuito, impulsado por la prefecta Marcela Agui\u00f1aga, acerca a la comunidad, atenci\u00f3n m\u00e9dica y veterinaria; capacitaciones tur\u00edsticas, productivas y de manualidades; campa\u00f1as de fumigaci\u00f3n y desratizaci\u00f3n; peluquer\u00eda, as\u00ed como fisioterapia y educaci\u00f3n ambiental.<\/span><\/p>\n<p><span style=\"font-weight: 400;\">Ni\u00f1os, j\u00f3venes y adultos celebraron la llegada del sistema de cuidado de la Prefectura Ciudadana de Guayas a su comunidad. Entre ellos estaba Elsa Rodr\u00edguez, moradora y gu\u00eda tur\u00edstica de la Isla Santay.<\/span><\/p>\n<p><span style=\"font-weight: 400;\">\u201cEsta ayuda ha venido r\u00e1pida, la pedimos hace dos semanas y aqu\u00ed ha cumplido ella (la Prefecta). Estamos agradecidos\u201d, enfatiz\u00f3 Rodr\u00edguez, quien no dej\u00f3 escapar la oportunidad de recibir atenci\u00f3n m\u00e9dica y capacitarse en servicio al cliente.<\/span><\/p>\n<p><span style=\"font-weight: 400;\">Esta asistencia no tiene precedentes en la isla, destaca Alberto Dom\u00ednguez, administrador de los servicios tur\u00edsticos de Santay, quien explica que han carecido de atenci\u00f3n por parte de otras administraciones.<\/span><\/p>\n<p><span style=\"font-weight: 400;\">\u201cComo Prefectura es la primera vez que est\u00e1n haciendo presencia dentro del \u00e1rea. Antes no ha sido tomado en cuenta la Isla Santay\u201d, recalc\u00f3 el dirigente.<\/span><\/p>\n<p><span style=\"font-weight: 400;\">Para Ingrid Achiote, una joven de 21 a\u00f1os que llev\u00f3 a consulta veterinaria a su mascota canina, Cuidando Vidas represent\u00f3 \u201cahorro de tiempo y dinero, porque gracias a la Prefectura se puede vacunar al perro. Uno ya no tiene que salir (en lancha a Guayaquil)\u201d, afirm\u00f3.<\/span><\/p>\n<p><span style=\"font-weight: 400;\">Las actividades forman parte de un plan integral que impulsa la Prefectura Ciudadana del Guayas para dignificar la vida de los isle\u00f1os y devolverle a la provincia un sitio tur\u00edstico y de recreaci\u00f3n. Por ello, el pasado 5 de junio la m\u00e1xima autoridad de la provincia\u00a0 solicit\u00f3 el comanejo, sin recursos, del \u00c1rea Nacional de Recreaci\u00f3n Isla Santay.<\/span><\/p>\n","protected":false},"excerpt":{"rendered":"<p>Guayaquil.- Cuidando Vidas lleg\u00f3 este mi\u00e9rcoles 21 de junio hasta la ecoaldea Isla Santay, donde m\u00e1s de 300 guayasenses se beneficiaron con servicios de salud, formaci\u00f3n, bienestar y generaci\u00f3n de ingresos y emprendimientos. Este programa gratuito, impulsado por la prefecta Marcela Agui\u00f1aga, acerca a la comunidad, atenci\u00f3n m\u00e9dica y veterinaria; capacitaciones tur\u00edsticas, productivas y de [&hellip;]<\/p>\n","protected":false},"author":2,"featured_media":217,"comment_status":"open","ping_status":"closed","sticky":false,"template":"","format":"standard","meta":{"_jetpack_memberships_contains_paid_content":false,"footnotes":""},"categories":[13],"tags":[23],"class_list":["post-214","post","type-post","status-publish","format-standard","has-post-thumbnail","hentry","category-noticias-nacionales","tag-gobernacion-guayas"],"jetpack_featured_media_url":"https:\/\/radiocresatelital.com\/wp-content\/uploads\/2023\/06\/FzLqMmZXoAMO0zK.jpg","jetpack_sharing_enabled":true,"_links":{"self":[{"href":"https:\/\/radiocresatelital.com\/index.php?rest_route=\/wp\/v2\/posts\/214","targetHints":{"allow":["GET"]}}],"collection":[{"href":"https:\/\/radiocresatelital.com\/index.php?rest_route=\/wp\/v2\/posts"}],"about":[{"href":"https:\/\/radiocresatelital.com\/index.php?rest_route=\/wp\/v2\/types\/post"}],"author":[{"embeddable":true,"href":"https:\/\/radiocresatelital.com\/index.php?rest_route=\/wp\/v2\/users\/2"}],"replies":[{"embeddable":true,"href":"https:\/\/radiocresatelital.com\/index.php?rest_route=%2Fwp%2Fv2%2Fcomments&post=214"}],"version-history":[{"count":1,"href":"https:\/\/radiocresatelital.com\/index.php?rest_route=\/wp\/v2\/posts\/214\/revisions"}],"predecessor-version":[{"id":218,"href":"https:\/\/radiocresatelital.com\/index.php?rest_route=\/wp\/v2\/posts\/214\/revisions\/218"}],"wp:featuredmedia":[{"embeddable":true,"href":"https:\/\/radiocresatelital.com\/index.php?rest_route=\/wp\/v2\/media\/217"}],"wp:attachment":[{"href":"https:\/\/radiocresatelital.com\/index.php?rest_route=%2Fwp%2Fv2%2Fmedia&parent=214"}],"wp:term":[{"taxonomy":"category","embeddable":true,"href":"https:\/\/radiocresatelital.com\/index.php?rest_route=%2Fwp%2Fv2%2Fcategories&post=214"},{"taxonomy":"post_tag","embeddable":true,"href":"https:\/\/radiocresatelital.com\/index.php?rest_route=%2Fwp%2Fv2%2Ftags&post=214"}],"curies":[{"name":"wp","href":"https:\/\/api.w.org\/{rel}","templated":true}]}}