{"id":21328,"date":"2024-11-25T20:25:09","date_gmt":"2024-11-25T20:25:09","guid":{"rendered":"https:\/\/radiocresatelital.com\/?p=21328"},"modified":"2024-11-25T20:25:09","modified_gmt":"2024-11-25T20:25:09","slug":"huera-y-jativa-campeones-de-las-vueltas-al-ecuador-son-homenajeados-en-quito","status":"publish","type":"post","link":"https:\/\/radiocresatelital.com\/?p=21328","title":{"rendered":"Huera y J\u00e1tiva, campeones de las vueltas al Ecuador, son homenajeados en Quito"},"content":{"rendered":"<p>Quito.- Los ciclistas del Movistar Best PC Richard Huera, ganador de la edici\u00f3n 41 de la Vuelta al Ecuador, y Nahomi J\u00e1tiva, campeona prejuvenil de la Vuelta a la Juventud, recibieron en Quito, un sentido homenaje de sus patrocinadores y dialogaron con los medios de comunicaci\u00f3n.<\/p>\n<p>Huera, oriundo del Play\u00f3n de San Francisco (Sucumb\u00edos), devolvi\u00f3 el t\u00edtulo al pa\u00eds, despu\u00e9s de dos a\u00f1os de ausencias. El ciclista, de 25 a\u00f1os, se convirti\u00f3 en el segundo ganador de su provincia, despu\u00e9s de Santiago Montenegro.<\/p>\n<p>J\u00e1tiva, por su parte, ratific\u00f3 ser la mejor ciclista prejuvenil del pa\u00eds. La carchense, de 15 a\u00f1os, gan\u00f3 con solvencia la Vuelta a la Juventud, al acreditarse tres de las cuatro etapas.<\/p>\n<p>Los dos flamantes campeones recibieron de manos de Ernesto Alban, CEO del Grupo Best PC, dos televisores; mientras que Bayron Guam\u00e1 un celular de \u00faltima generaci\u00f3n.<\/p>\n<p>\u201cTodos estos a\u00f1os hemos estado junto a ustedes. Richard (Huera) has sido parte de este proceso desde el inicio, Bayron (Guam\u00e1) felicitaciones por ser ejemplo y llevar a este grupo a conseguir los objetivos. A ti, Nahomi (J\u00e1tiva), has empezado con pie derecho y que sigas as\u00ed\u201d, dijo Alban.<\/p>\n<p><strong>Eterno \u2018Patr\u00f3n\u2019<\/strong><\/p>\n<p>Bayron Guam\u00e1, quien llega de ser campe\u00f3n por equipos de la Vuelta al Ecuador, se adjudic\u00f3 este domingo el Giro de Rigo.<\/p>\n<p>El \u2018Patr\u00f3n\u2019, junto al resto del equipo \u00e9lite, se alista para la Vuelta a Costa Rica, que se cumplir\u00e1 del 13 al 22 de diciembre.\u00a0 El equipo continental ecuatoriano es bicampe\u00f3n de este evento. Su \u00faltimo ganador fue Juan Diego Alba.<\/p>\n","protected":false},"excerpt":{"rendered":"<p>Quito.- Los ciclistas del Movistar Best PC Richard Huera, ganador de la edici\u00f3n 41 de la Vuelta al Ecuador, y Nahomi J\u00e1tiva, campeona prejuvenil de la Vuelta a la Juventud, recibieron en Quito, un sentido homenaje de sus patrocinadores y dialogaron con los medios de comunicaci\u00f3n. Huera, oriundo del Play\u00f3n de San Francisco (Sucumb\u00edos), devolvi\u00f3 [&hellip;]<\/p>\n","protected":false},"author":2,"featured_media":21329,"comment_status":"open","ping_status":"closed","sticky":false,"template":"","format":"standard","meta":{"_jetpack_memberships_contains_paid_content":false,"footnotes":""},"categories":[120,9],"tags":[1029],"class_list":["post-21328","post","type-post","status-publish","format-standard","has-post-thumbnail","hentry","category-ciclismo","category-deportes","tag-movistar-best-pc"],"jetpack_featured_media_url":"https:\/\/radiocresatelital.com\/wp-content\/uploads\/2024\/11\/WhatsApp-Image-2024-11-25-at-15.13.00.jpeg","jetpack_sharing_enabled":true,"_links":{"self":[{"href":"https:\/\/radiocresatelital.com\/index.php?rest_route=\/wp\/v2\/posts\/21328","targetHints":{"allow":["GET"]}}],"collection":[{"href":"https:\/\/radiocresatelital.com\/index.php?rest_route=\/wp\/v2\/posts"}],"about":[{"href":"https:\/\/radiocresatelital.com\/index.php?rest_route=\/wp\/v2\/types\/post"}],"author":[{"embeddable":true,"href":"https:\/\/radiocresatelital.com\/index.php?rest_route=\/wp\/v2\/users\/2"}],"replies":[{"embeddable":true,"href":"https:\/\/radiocresatelital.com\/index.php?rest_route=%2Fwp%2Fv2%2Fcomments&post=21328"}],"version-history":[{"count":1,"href":"https:\/\/radiocresatelital.com\/index.php?rest_route=\/wp\/v2\/posts\/21328\/revisions"}],"predecessor-version":[{"id":21330,"href":"https:\/\/radiocresatelital.com\/index.php?rest_route=\/wp\/v2\/posts\/21328\/revisions\/21330"}],"wp:featuredmedia":[{"embeddable":true,"href":"https:\/\/radiocresatelital.com\/index.php?rest_route=\/wp\/v2\/media\/21329"}],"wp:attachment":[{"href":"https:\/\/radiocresatelital.com\/index.php?rest_route=%2Fwp%2Fv2%2Fmedia&parent=21328"}],"wp:term":[{"taxonomy":"category","embeddable":true,"href":"https:\/\/radiocresatelital.com\/index.php?rest_route=%2Fwp%2Fv2%2Fcategories&post=21328"},{"taxonomy":"post_tag","embeddable":true,"href":"https:\/\/radiocresatelital.com\/index.php?rest_route=%2Fwp%2Fv2%2Ftags&post=21328"}],"curies":[{"name":"wp","href":"https:\/\/api.w.org\/{rel}","templated":true}]}}