{"id":21321,"date":"2024-11-25T19:43:51","date_gmt":"2024-11-25T19:43:51","guid":{"rendered":"https:\/\/radiocresatelital.com\/?p=21321"},"modified":"2024-11-25T19:44:19","modified_gmt":"2024-11-25T19:44:19","slug":"fundacion-de-la-fet-se-celebra-con-una-semana-de-actividades","status":"publish","type":"post","link":"https:\/\/radiocresatelital.com\/?p=21321","title":{"rendered":"Fundaci\u00f3n de la FET se celebra con una semana de actividades"},"content":{"rendered":"<p>Guayaquil.- Este jueves 28 de noviembre la Federaci\u00f3n Ecuatoriana de Tenis celebra sus 57 a\u00f1os de fundaci\u00f3n con varias actividades que arrancan este lunes 25 de noviembre hasta el domingo de diciembre.<\/p>\n<p>Habr\u00e1 cursos de tutores, charlas para padres de familia y entrenadores que estar\u00e1 a cargo del brasile\u00f1o Cesar Kist, oficial de Desarrollo de la Federaci\u00f3n Internacional de Tenis para Sudam\u00e9rica.<\/p>\n<p>El delegado de la ITF entregar\u00e1 la Placa White Level en reconocimiento al Centro Nacional de la FET, como Centro de Alto Rendimiento por parte de la Federaci\u00f3n Internacional de Tenis.<\/p>\n<p>Del 28 de noviembre al 1 de diciembre se llevar\u00e1 a cabo el Festival de Pelotas Rojas, Naranjas y Verdes, con la participaci\u00f3n de un centenar de ni\u00f1os entre 4 a 10 a\u00f1os de edad.<\/p>\n<p>El 28 de noviembre, desde las 12h00, se realizar\u00e1 la sesi\u00f3n solemne de fundaci\u00f3n donde se estableci\u00f3 un programa que incluye la presentaci\u00f3n del nuevo logo institucional.<\/p>\n<p><strong>PROGRAMA DE ACTIVIDADES<\/strong><br \/>\n25-28 noviembre<br \/>\nCurso de tutores con Cesar Kist, oficial de Desarrollo de ITF para Sudam\u00e9rica<\/p>\n<p>28 noviembre -1 dic<br \/>\nFestival de Pelotas Verdes<\/p>\n<p>28 noviembre<br \/>\nSesi\u00f3n Solemne por Fundaci\u00f3n Federaci\u00f3n Ecuatoriana de Tenis:<\/p>\n<p>Lanzamiento del Libro \u201cMemorias del Tenis Femenino Ecuatoriano\u201d.<\/p>\n<p>Lanzamiento del nuevo logo de la Federaci\u00f3n Ecuatoriana de Tenis<\/p>\n<p>Colocaci\u00f3n de la Placa White Level en reconocimiento al Centro Nacional de la FET, como Centro de Alto Rendimiento por parte de la Federaci\u00f3n Internacional de Tenis (ITF)<\/p>\n<p>29 noviembre<br \/>\nCharlas para padres y para Entrenadores con Cesar Kist, oficial de Desarrollo de ITF para Sudam\u00e9rica (charlas por separadas)<\/p>\n<p>30 noviembre<br \/>\nFestival de Pelotas Rojas y Naranjas<\/p>\n","protected":false},"excerpt":{"rendered":"<p>Guayaquil.- Este jueves 28 de noviembre la Federaci\u00f3n Ecuatoriana de Tenis celebra sus 57 a\u00f1os de fundaci\u00f3n con varias actividades que arrancan este lunes 25 de noviembre hasta el domingo de diciembre. Habr\u00e1 cursos de tutores, charlas para padres de familia y entrenadores que estar\u00e1 a cargo del brasile\u00f1o Cesar Kist, oficial de Desarrollo de [&hellip;]<\/p>\n","protected":false},"author":2,"featured_media":21322,"comment_status":"open","ping_status":"closed","sticky":false,"template":"","format":"standard","meta":{"_jetpack_memberships_contains_paid_content":false,"footnotes":""},"categories":[9,64],"tags":[683],"class_list":["post-21321","post","type-post","status-publish","format-standard","has-post-thumbnail","hentry","category-deportes","category-tenis","tag-federacion-ecuatoriana-de-tenis"],"jetpack_featured_media_url":"https:\/\/radiocresatelital.com\/wp-content\/uploads\/2024\/11\/WhatsApp-Image-2024-11-25-at-14.36.16-1.jpeg","jetpack_sharing_enabled":true,"_links":{"self":[{"href":"https:\/\/radiocresatelital.com\/index.php?rest_route=\/wp\/v2\/posts\/21321","targetHints":{"allow":["GET"]}}],"collection":[{"href":"https:\/\/radiocresatelital.com\/index.php?rest_route=\/wp\/v2\/posts"}],"about":[{"href":"https:\/\/radiocresatelital.com\/index.php?rest_route=\/wp\/v2\/types\/post"}],"author":[{"embeddable":true,"href":"https:\/\/radiocresatelital.com\/index.php?rest_route=\/wp\/v2\/users\/2"}],"replies":[{"embeddable":true,"href":"https:\/\/radiocresatelital.com\/index.php?rest_route=%2Fwp%2Fv2%2Fcomments&post=21321"}],"version-history":[{"count":2,"href":"https:\/\/radiocresatelital.com\/index.php?rest_route=\/wp\/v2\/posts\/21321\/revisions"}],"predecessor-version":[{"id":21324,"href":"https:\/\/radiocresatelital.com\/index.php?rest_route=\/wp\/v2\/posts\/21321\/revisions\/21324"}],"wp:featuredmedia":[{"embeddable":true,"href":"https:\/\/radiocresatelital.com\/index.php?rest_route=\/wp\/v2\/media\/21322"}],"wp:attachment":[{"href":"https:\/\/radiocresatelital.com\/index.php?rest_route=%2Fwp%2Fv2%2Fmedia&parent=21321"}],"wp:term":[{"taxonomy":"category","embeddable":true,"href":"https:\/\/radiocresatelital.com\/index.php?rest_route=%2Fwp%2Fv2%2Fcategories&post=21321"},{"taxonomy":"post_tag","embeddable":true,"href":"https:\/\/radiocresatelital.com\/index.php?rest_route=%2Fwp%2Fv2%2Ftags&post=21321"}],"curies":[{"name":"wp","href":"https:\/\/api.w.org\/{rel}","templated":true}]}}