{"id":21265,"date":"2024-11-22T21:16:38","date_gmt":"2024-11-22T21:16:38","guid":{"rendered":"https:\/\/radiocresatelital.com\/?p=21265"},"modified":"2024-11-22T21:16:38","modified_gmt":"2024-11-22T21:16:38","slug":"galarza-gana-la-segunda-etapa-y-se-convierte-en-la-nueva-lider","status":"publish","type":"post","link":"https:\/\/radiocresatelital.com\/?p=21265","title":{"rendered":"Galarza gana la segunda etapa y se convierte en la nueva l\u00edder"},"content":{"rendered":"<p>Quito.- La vigente campeona de la Vuelta Cicl\u00edstica Femenina al Ecuador, Esther Galarza, gan\u00f3 la segunda etapa y se adue\u00f1\u00f3 de la camiseta de l\u00edder, que portaba hasta hoy Elizabeth Casta\u00f1o, del Colombia Potencia de la Vida.<\/p>\n<p>Despu\u00e9s de la primera meta volante ubicada en Atuntaqui, la corredora del Eagle Bike atac\u00f3 para despegarse del pelot\u00f3n, aunque no del todo, porque la deportista ol\u00edmpica de triatl\u00f3n Elizabeth Bravo (LIV Toscana) la sigui\u00f3 hasta el \u00faltimo kil\u00f3metro a meta, que se encontraba en Cotacachi.<\/p>\n<p>Un grito de j\u00fabilo sigui\u00f3 el paso en el primer lugar de Galarza. \u201cFue una etapa muy dura, pero supe hacer bien las cosas para ganar\u201d, dijo la ecuatoriana, quien se dio tiempo de felicitar a Bravo por su esfuerzo.<\/p>\n<p>Adem\u00e1s, de la camiseta amarilla que la identifica como la l\u00edder de la general, Esther encabeza la clasificaci\u00f3n de los premios de monta\u00f1a. Mientras que, en las metas volantes el primer lugar es para Elizabeth Casta\u00f1o.<\/p>\n<p>Entre las damas Heidi Flores fue la mejor de la categor\u00eda Sub 23, superando a la anterior l\u00edder Marcela Pe\u00f1afiel (Movistar Best PC).<\/p>\n<p>La tercera etapa de la Vuelta Cicl\u00edstica Femenina al Ecuador se cumplir\u00e1 ma\u00f1ana con salida y llegada en la Plaza Libertad de la ciudad imbabure\u00f1a de Atuntaqui. Ser\u00e1 un circuito de cuatro vueltas para completar 114,84 kil\u00f3metros.<\/p>\n<p><strong>Resultados Vuelta a la Juventud<\/strong><\/p>\n<p>Entre tanto, tambi\u00e9n se desarroll\u00f3 la segunda etapa de la Vuelta Cicl\u00edstica a la Juventud, donde Nahomi J\u00e1tiva (Movistar Best PC) es la l\u00edder de la categor\u00eda prejuvenil damas. En esta misma, el primer lugar es para Anthony Vasquez (Team Pichincha).<\/p>\n<p>De su parte, Milagros Fuentes (Team Pichincha), qui\u00e9n compite con las \u00e9lite y Sub 23 en la Vuelta Femenina, es la l\u00edder de juvenil damas. En esta edad el primer lugar entre los hombres es Mateo Ram\u00edrez , tambi\u00e9n del equipo pichinchano.<\/p>\n","protected":false},"excerpt":{"rendered":"<p>Quito.- La vigente campeona de la Vuelta Cicl\u00edstica Femenina al Ecuador, Esther Galarza, gan\u00f3 la segunda etapa y se adue\u00f1\u00f3 de la camiseta de l\u00edder, que portaba hasta hoy Elizabeth Casta\u00f1o, del Colombia Potencia de la Vida. Despu\u00e9s de la primera meta volante ubicada en Atuntaqui, la corredora del Eagle Bike atac\u00f3 para despegarse del [&hellip;]<\/p>\n","protected":false},"author":2,"featured_media":21266,"comment_status":"open","ping_status":"closed","sticky":false,"template":"","format":"standard","meta":{"_jetpack_memberships_contains_paid_content":false,"footnotes":""},"categories":[120,9],"tags":[3352],"class_list":["post-21265","post","type-post","status-publish","format-standard","has-post-thumbnail","hentry","category-ciclismo","category-deportes","tag-vuelta-ciclistica-femenina-al-ecuador"],"jetpack_featured_media_url":"https:\/\/radiocresatelital.com\/wp-content\/uploads\/2024\/11\/galarza_podio_colombia-1024x683-1.jpg","jetpack_sharing_enabled":true,"_links":{"self":[{"href":"https:\/\/radiocresatelital.com\/index.php?rest_route=\/wp\/v2\/posts\/21265","targetHints":{"allow":["GET"]}}],"collection":[{"href":"https:\/\/radiocresatelital.com\/index.php?rest_route=\/wp\/v2\/posts"}],"about":[{"href":"https:\/\/radiocresatelital.com\/index.php?rest_route=\/wp\/v2\/types\/post"}],"author":[{"embeddable":true,"href":"https:\/\/radiocresatelital.com\/index.php?rest_route=\/wp\/v2\/users\/2"}],"replies":[{"embeddable":true,"href":"https:\/\/radiocresatelital.com\/index.php?rest_route=%2Fwp%2Fv2%2Fcomments&post=21265"}],"version-history":[{"count":1,"href":"https:\/\/radiocresatelital.com\/index.php?rest_route=\/wp\/v2\/posts\/21265\/revisions"}],"predecessor-version":[{"id":21267,"href":"https:\/\/radiocresatelital.com\/index.php?rest_route=\/wp\/v2\/posts\/21265\/revisions\/21267"}],"wp:featuredmedia":[{"embeddable":true,"href":"https:\/\/radiocresatelital.com\/index.php?rest_route=\/wp\/v2\/media\/21266"}],"wp:attachment":[{"href":"https:\/\/radiocresatelital.com\/index.php?rest_route=%2Fwp%2Fv2%2Fmedia&parent=21265"}],"wp:term":[{"taxonomy":"category","embeddable":true,"href":"https:\/\/radiocresatelital.com\/index.php?rest_route=%2Fwp%2Fv2%2Fcategories&post=21265"},{"taxonomy":"post_tag","embeddable":true,"href":"https:\/\/radiocresatelital.com\/index.php?rest_route=%2Fwp%2Fv2%2Ftags&post=21265"}],"curies":[{"name":"wp","href":"https:\/\/api.w.org\/{rel}","templated":true}]}}