{"id":21262,"date":"2024-11-22T21:09:01","date_gmt":"2024-11-22T21:09:01","guid":{"rendered":"https:\/\/radiocresatelital.com\/?p=21262"},"modified":"2024-11-22T21:09:01","modified_gmt":"2024-11-22T21:09:01","slug":"jativa-repite-triunfo-en-cotacachi-y-travez-lider-de-las-metas-volantes-en-la-vuelta-a-la-juventud","status":"publish","type":"post","link":"https:\/\/radiocresatelital.com\/?p=21262","title":{"rendered":"J\u00e1tiva repite triunfo en Cotacachi y Tr\u00e1vez l\u00edder de las metas volantes\u00a0en la Vuelta a la Juventud\u00a0"},"content":{"rendered":"<p>Ibarra.- Los ciclistas del Movistar Best PC Nahomi J\u00e1tiva y Anthony Tr\u00e1vez subieron al podio de la segunda etapa de la Vuelta a la Juventud, que se cumpli\u00f3 hoy con salida y llegada en Cotacachi, Imbabura.<\/p>\n<p>J\u00e1tiva, de 15 a\u00f1os, repiti\u00f3 el triunfo logrado en la primera jornada y se mantiene como l\u00edder de la categor\u00eda prejuvenil.<\/p>\n<p>La ciclista del Carchi indic\u00f3 que tienen planificado, junto al equipo: \u201cseguir defendiendo esta camiseta hasta el final\u201d. Agreg\u00f3 que: \u201cEsperamos seguir con m\u00e1s triunfos y llevarnos esta vuelta a casa\u201d.<\/p>\n<p>Tr\u00e1vez, por su lado, relev\u00f3 a Kevin Narv\u00e1ez en la clasificaci\u00f3n de las metas volantes de la categor\u00eda juvenil. El ciclista de Cotopaxi es el m\u00e1s r\u00e1pido del giro con 10\u00a0puntos.<\/p>\n<p>\u201cEs un orgullo representar a mi equipo y provincia, donde se vienen formando varios ciclistas\u201d, destac\u00f3 el pedalista latacungue\u00f1o.<\/p>\n<p><strong>Mal d\u00eda\u00a0<\/strong><br \/>\nEl equipo femenino del equipo continental ecuatoriano no tuvo una buena jornada. Natalia V\u00e1squez dej\u00f3 de vestir el jersey de la mejor Sub 23 y Marcela Pe\u00f1afiel perdi\u00f3 tiempo al pinchar antes de llegar a la meta.<\/p>\n<p>La tercera jornada del evento cicl\u00edstico juvenil y femenino se cumple este\u00a0viernes en Atuntaqui, con un circuito en los alrededores del cant\u00f3n Imbabure\u00f1o.<\/p>\n","protected":false},"excerpt":{"rendered":"<p>Ibarra.- Los ciclistas del Movistar Best PC Nahomi J\u00e1tiva y Anthony Tr\u00e1vez subieron al podio de la segunda etapa de la Vuelta a la Juventud, que se cumpli\u00f3 hoy con salida y llegada en Cotacachi, Imbabura. J\u00e1tiva, de 15 a\u00f1os, repiti\u00f3 el triunfo logrado en la primera jornada y se mantiene como l\u00edder de la [&hellip;]<\/p>\n","protected":false},"author":2,"featured_media":21263,"comment_status":"open","ping_status":"closed","sticky":false,"template":"","format":"standard","meta":{"_jetpack_memberships_contains_paid_content":false,"footnotes":""},"categories":[120,9],"tags":[1029],"class_list":["post-21262","post","type-post","status-publish","format-standard","has-post-thumbnail","hentry","category-ciclismo","category-deportes","tag-movistar-best-pc"],"jetpack_featured_media_url":"https:\/\/radiocresatelital.com\/wp-content\/uploads\/2024\/11\/WhatsApp-Image-2024-11-22-at-16.06.53-scaled.jpeg","jetpack_sharing_enabled":true,"_links":{"self":[{"href":"https:\/\/radiocresatelital.com\/index.php?rest_route=\/wp\/v2\/posts\/21262","targetHints":{"allow":["GET"]}}],"collection":[{"href":"https:\/\/radiocresatelital.com\/index.php?rest_route=\/wp\/v2\/posts"}],"about":[{"href":"https:\/\/radiocresatelital.com\/index.php?rest_route=\/wp\/v2\/types\/post"}],"author":[{"embeddable":true,"href":"https:\/\/radiocresatelital.com\/index.php?rest_route=\/wp\/v2\/users\/2"}],"replies":[{"embeddable":true,"href":"https:\/\/radiocresatelital.com\/index.php?rest_route=%2Fwp%2Fv2%2Fcomments&post=21262"}],"version-history":[{"count":1,"href":"https:\/\/radiocresatelital.com\/index.php?rest_route=\/wp\/v2\/posts\/21262\/revisions"}],"predecessor-version":[{"id":21264,"href":"https:\/\/radiocresatelital.com\/index.php?rest_route=\/wp\/v2\/posts\/21262\/revisions\/21264"}],"wp:featuredmedia":[{"embeddable":true,"href":"https:\/\/radiocresatelital.com\/index.php?rest_route=\/wp\/v2\/media\/21263"}],"wp:attachment":[{"href":"https:\/\/radiocresatelital.com\/index.php?rest_route=%2Fwp%2Fv2%2Fmedia&parent=21262"}],"wp:term":[{"taxonomy":"category","embeddable":true,"href":"https:\/\/radiocresatelital.com\/index.php?rest_route=%2Fwp%2Fv2%2Fcategories&post=21262"},{"taxonomy":"post_tag","embeddable":true,"href":"https:\/\/radiocresatelital.com\/index.php?rest_route=%2Fwp%2Fv2%2Ftags&post=21262"}],"curies":[{"name":"wp","href":"https:\/\/api.w.org\/{rel}","templated":true}]}}