{"id":21252,"date":"2024-11-22T20:53:15","date_gmt":"2024-11-22T20:53:15","guid":{"rendered":"https:\/\/radiocresatelital.com\/?p=21252"},"modified":"2024-11-22T20:53:15","modified_gmt":"2024-11-22T20:53:15","slug":"guayas-en-movimiento-por-la-cultura-y-el-deporte-fortalece-el-talento-juvenil","status":"publish","type":"post","link":"https:\/\/radiocresatelital.com\/?p=21252","title":{"rendered":"\u00abGuayas en movimiento por la cultura y el deporte\u00bb fortalece el talento juvenil"},"content":{"rendered":"<p>Guayaquil.- La Gobernaci\u00f3n del Guayas, liderada por Vicente Auad, en conjunto con el Ministerio de Educaci\u00f3n, impulsa la campa\u00f1a \u201cGuayas en Movimiento por la Cultura y el Deporte\u201d, una iniciativa que busca fomentar el desarrollo integral de los j\u00f3venes a trav\u00e9s del arte y el deporte.<\/p>\n<p>En un trabajo coordinado con los 12 distritos de educaci\u00f3n de la Zona 8 y los 10 de la Zona 5, se est\u00e1n llevando a cabo eliminatorias en las categor\u00edas de oratoria, pasillo, bandas de paz e indor f\u00fatbol, preparando a los mejores talentos para las jornadas finales.<\/p>\n<p>Este martes 26 de noviembre, a las 08:00, las canchas de la Unidad Educativa Fiscal Vicente Rocafuerte ser\u00e1n el escenario de las semifinales del campeonato de indor f\u00fatbol. De aqu\u00ed saldr\u00e1n los tres equipos que disputar\u00e1n el triangular final el s\u00e1bado 30 de noviembre, a partir de las 09H00 locales (14h00 GMT), en el Coliseo Abel Jim\u00e9nez Parra, ubicado en el Parque Samanes. Este evento deportivo ser\u00e1 una muestra de talento, disciplina y trabajo en equipo, cualidades que representan el esp\u00edritu de la juventud guayasense.<\/p>\n<p>La parte cultural contin\u00faa con gran entusiasmo. Las ceremonias finales reunir\u00e1n a los preseleccionados de las Zonas 5 y 8 en tres categor\u00edas:<\/p>\n<p>\u2022 3 de enero de 2025: Final del Pasillo Nacional, Teatro Centro C\u00edvico, Guayaquil.<br \/>\n\u2022 10 de enero de 2025: Final de Bandas de Paz, Polideportivo La Aurora, Daule.<br \/>\n\u2022 17 de enero de 2025: Final de Oratoria, Auditorio de UNEMI, Milagro.<\/p>\n<p>El Gobernador Vicente Auad destac\u00f3 la importancia de esta campa\u00f1a como una plataforma para el desarrollo de las nuevas generaciones: \u201cNuestros j\u00f3venes son la fuerza que mueve a Guayas. Con su talento y dedicaci\u00f3n, construyen un futuro lleno de esperanza. Desde esta Gobernaci\u00f3n, seguimos trabajando por ellos, porque creemos firmemente en sus sue\u00f1os y en su capacidad para transformar nuestra sociedad.\u201d<\/p>\n<p>Esta iniciativa refleja el compromiso del Gobierno del Nuevo Ecuador con la juventud. Con valent\u00eda y resiliencia, el presidente Daniel Noboa est\u00e1 generando oportunidades para todos, fortaleciendo espacios donde los j\u00f3venes puedan brillar y alcanzar sus metas. \u201cGuayas en Movimiento por la Cultura y el Deporte\u201d es una muestra clara de c\u00f3mo la cultura y las jornadas deportivas pueden cambiar vidas y construir un mejor pa\u00eds.<\/p>\n","protected":false},"excerpt":{"rendered":"<p>Guayaquil.- La Gobernaci\u00f3n del Guayas, liderada por Vicente Auad, en conjunto con el Ministerio de Educaci\u00f3n, impulsa la campa\u00f1a \u201cGuayas en Movimiento por la Cultura y el Deporte\u201d, una iniciativa que busca fomentar el desarrollo integral de los j\u00f3venes a trav\u00e9s del arte y el deporte. En un trabajo coordinado con los 12 distritos de [&hellip;]<\/p>\n","protected":false},"author":2,"featured_media":21253,"comment_status":"open","ping_status":"closed","sticky":false,"template":"","format":"standard","meta":{"_jetpack_memberships_contains_paid_content":false,"footnotes":""},"categories":[9],"tags":[964,2212],"class_list":["post-21252","post","type-post","status-publish","format-standard","has-post-thumbnail","hentry","category-deportes","tag-gobernacion-del-guayas","tag-vicente-auad"],"jetpack_featured_media_url":"https:\/\/radiocresatelital.com\/wp-content\/uploads\/2024\/11\/WhatsApp-Image-2024-11-22-at-15.47.57.jpeg","jetpack_sharing_enabled":true,"_links":{"self":[{"href":"https:\/\/radiocresatelital.com\/index.php?rest_route=\/wp\/v2\/posts\/21252","targetHints":{"allow":["GET"]}}],"collection":[{"href":"https:\/\/radiocresatelital.com\/index.php?rest_route=\/wp\/v2\/posts"}],"about":[{"href":"https:\/\/radiocresatelital.com\/index.php?rest_route=\/wp\/v2\/types\/post"}],"author":[{"embeddable":true,"href":"https:\/\/radiocresatelital.com\/index.php?rest_route=\/wp\/v2\/users\/2"}],"replies":[{"embeddable":true,"href":"https:\/\/radiocresatelital.com\/index.php?rest_route=%2Fwp%2Fv2%2Fcomments&post=21252"}],"version-history":[{"count":1,"href":"https:\/\/radiocresatelital.com\/index.php?rest_route=\/wp\/v2\/posts\/21252\/revisions"}],"predecessor-version":[{"id":21254,"href":"https:\/\/radiocresatelital.com\/index.php?rest_route=\/wp\/v2\/posts\/21252\/revisions\/21254"}],"wp:featuredmedia":[{"embeddable":true,"href":"https:\/\/radiocresatelital.com\/index.php?rest_route=\/wp\/v2\/media\/21253"}],"wp:attachment":[{"href":"https:\/\/radiocresatelital.com\/index.php?rest_route=%2Fwp%2Fv2%2Fmedia&parent=21252"}],"wp:term":[{"taxonomy":"category","embeddable":true,"href":"https:\/\/radiocresatelital.com\/index.php?rest_route=%2Fwp%2Fv2%2Fcategories&post=21252"},{"taxonomy":"post_tag","embeddable":true,"href":"https:\/\/radiocresatelital.com\/index.php?rest_route=%2Fwp%2Fv2%2Ftags&post=21252"}],"curies":[{"name":"wp","href":"https:\/\/api.w.org\/{rel}","templated":true}]}}