{"id":21249,"date":"2024-11-22T19:28:31","date_gmt":"2024-11-22T19:28:31","guid":{"rendered":"https:\/\/radiocresatelital.com\/?p=21249"},"modified":"2024-11-22T19:28:31","modified_gmt":"2024-11-22T19:28:31","slug":"seleccionados-de-escuelas-de-futbol-del-guayas-competiran-en-la-ix-copa-internacional-river-medellin-2024","status":"publish","type":"post","link":"https:\/\/radiocresatelital.com\/?p=21249","title":{"rendered":"Seleccionados de Escuelas de F\u00fatbol del Guayas competir\u00e1n en la IX Copa Internacional River Medell\u00edn 2024"},"content":{"rendered":"<p>Guayaquil.\/ La Prefectura Ciudadana del Guayas marc\u00f3 un nuevo hito en deportes. La prefecta Marcela<br \/>\nAgui\u00f1aga present\u00f3 a los 32 seleccionados de las categor\u00edas Sub 14 y Sub 16, que competir\u00e1n en<br \/>\nla IX Copa Internacional River Medell\u00edn 2024, en Colombia, del 24 al 30 de noviembre.<\/p>\n<p>\u201cEsto significa que no solamente hay talento en la provincia, sino tambi\u00e9n pasi\u00f3n por este<br \/>\ndeporte maravilloso que es el f\u00fatbol. Y con todo ello podemos demostrar la disciplina y entrega<br \/>\nque han tenido nuestros jugadores\u201d, destac\u00f3 la prefecta Marcela Agui\u00f1aga, desde las<br \/>\ninstalaciones de Fedenador. A los chicos se les practicaron ex\u00e1menes m\u00e9dicos, incluyendo<br \/>\nelectrocardiogramas; tambi\u00e9n entrenaron en medio de la algarab\u00eda de los familiares que los<br \/>\nacompa\u00f1aban.<\/p>\n<p>\u201cNo solamente le apostamos al deporte como una forma de desarrollo f\u00edsico y personal, sino<br \/>\ntambi\u00e9n como una forma de alejar a nuestros chicos de los peligros que hoy tiene la sociedad,<br \/>\ncomo ser parte de las bandas delincuenciales\u201d, agreg\u00f3 la prefecta Agui\u00f1aga.<\/p>\n<p>La inversi\u00f3n de la Prefectura Ciudadana del Guayas es de aproximadamente 127.000 d\u00f3lares,<br \/>\ncon los que se cubre los pasajes de avi\u00f3n, alimentaci\u00f3n, hospedaje, movilizaci\u00f3n y seguros de<br \/>\nvida. \u201cEs una forma de invertir en el presente y el futuro de nuestra provincia y, con ello, no solo<br \/>\ngarantizamos la participaci\u00f3n de estos j\u00f3venes en este torneo, sino que adicionalmente<br \/>\ndemostramos que la garra y el talento que tienen nuestros jugadores no tiene l\u00edmites\u201d.<\/p>\n<p>El proceso de preselecci\u00f3n fue riguroso. En total, de entre los 6.000 alumnos de las Escuelas de<br \/>\nF\u00fatbol se convoc\u00f3 a 100 y, de ellos, 32 fueron seleccionados para quedar al mando de Jasson<br \/>\nZambrano, en la Sub 14, y Kl\u00e9ber Fajardo, en la Sub 16. \u201cEs nuestra primera participaci\u00f3n y les<br \/>\ndeseamos los mejores de los \u00e9xitos\u201d, manifest\u00f3 la ejecutiva guayasense.<\/p>\n<p>Entre los seleccionados est\u00e1 Alexis Ayov\u00ed, de 16 a\u00f1os y del cant\u00f3n Isidro Ayora, quien vive la<br \/>\nilusi\u00f3n de alzar la copa por Guayas. Rememor\u00f3 c\u00f3mo, en un inicio, ten\u00eda que remendar sus pupos<br \/>\npara entrenar. Y ahora vive un gran cambio en lo futbol\u00edstico y en lo personal, gracias al<br \/>\nentrenamiento en las Escuelas de F\u00fatbol de la Prefectura Ciudadana del Guayas. Juega de lateral<br \/>\ny anhela ser como Mois\u00e9s Caicedo o Antonio Valencia. \u201cEs un sue\u00f1o que se me hizo realidad. Mi<br \/>\nmeta es ser futbolista profesional y sacar a mi familia adelante\u201d, se\u00f1al\u00f3.<\/p>\n","protected":false},"excerpt":{"rendered":"<p>Guayaquil.\/ La Prefectura Ciudadana del Guayas marc\u00f3 un nuevo hito en deportes. La prefecta Marcela Agui\u00f1aga present\u00f3 a los 32 seleccionados de las categor\u00edas Sub 14 y Sub 16, que competir\u00e1n en la IX Copa Internacional River Medell\u00edn 2024, en Colombia, del 24 al 30 de noviembre. \u201cEsto significa que no solamente hay talento en [&hellip;]<\/p>\n","protected":false},"author":2,"featured_media":21250,"comment_status":"open","ping_status":"closed","sticky":false,"template":"","format":"standard","meta":{"_jetpack_memberships_contains_paid_content":false,"footnotes":""},"categories":[9],"tags":[248,415],"class_list":["post-21249","post","type-post","status-publish","format-standard","has-post-thumbnail","hentry","category-deportes","tag-marcela-aguinaga","tag-prefectura-ciudadana-del-guayas"],"jetpack_featured_media_url":"https:\/\/radiocresatelital.com\/wp-content\/uploads\/2024\/11\/WhatsApp-Image-2024-11-22-at-1.34.54-PM5-1.jpeg","jetpack_sharing_enabled":true,"_links":{"self":[{"href":"https:\/\/radiocresatelital.com\/index.php?rest_route=\/wp\/v2\/posts\/21249","targetHints":{"allow":["GET"]}}],"collection":[{"href":"https:\/\/radiocresatelital.com\/index.php?rest_route=\/wp\/v2\/posts"}],"about":[{"href":"https:\/\/radiocresatelital.com\/index.php?rest_route=\/wp\/v2\/types\/post"}],"author":[{"embeddable":true,"href":"https:\/\/radiocresatelital.com\/index.php?rest_route=\/wp\/v2\/users\/2"}],"replies":[{"embeddable":true,"href":"https:\/\/radiocresatelital.com\/index.php?rest_route=%2Fwp%2Fv2%2Fcomments&post=21249"}],"version-history":[{"count":1,"href":"https:\/\/radiocresatelital.com\/index.php?rest_route=\/wp\/v2\/posts\/21249\/revisions"}],"predecessor-version":[{"id":21251,"href":"https:\/\/radiocresatelital.com\/index.php?rest_route=\/wp\/v2\/posts\/21249\/revisions\/21251"}],"wp:featuredmedia":[{"embeddable":true,"href":"https:\/\/radiocresatelital.com\/index.php?rest_route=\/wp\/v2\/media\/21250"}],"wp:attachment":[{"href":"https:\/\/radiocresatelital.com\/index.php?rest_route=%2Fwp%2Fv2%2Fmedia&parent=21249"}],"wp:term":[{"taxonomy":"category","embeddable":true,"href":"https:\/\/radiocresatelital.com\/index.php?rest_route=%2Fwp%2Fv2%2Fcategories&post=21249"},{"taxonomy":"post_tag","embeddable":true,"href":"https:\/\/radiocresatelital.com\/index.php?rest_route=%2Fwp%2Fv2%2Ftags&post=21249"}],"curies":[{"name":"wp","href":"https:\/\/api.w.org\/{rel}","templated":true}]}}