{"id":21243,"date":"2024-11-22T15:45:09","date_gmt":"2024-11-22T15:45:09","guid":{"rendered":"https:\/\/radiocresatelital.com\/?p=21243"},"modified":"2024-11-22T15:45:09","modified_gmt":"2024-11-22T15:45:09","slug":"manifestantes-detenidos-policias-heridos-y-acusaciones-de-lado-y-lado-fue-el-saldo-de-las-protestas","status":"publish","type":"post","link":"https:\/\/radiocresatelital.com\/?p=21243","title":{"rendered":"Manifestantes detenidos, polic\u00edas heridos y acusaciones de lado y lado fue el saldo de las protestas"},"content":{"rendered":"<div class=\"paragraph\">\n<p>La circulaci\u00f3n vehicular est\u00e1 totalmente restringida en el\u00a0<a href=\"https:\/\/www.ecuavisa.com\/noticias\/politica\/acceso-centro-historico-quito-prohibido-alerta-movilizaciones-XD8353437\" target=\"_blank\" rel=\"noopener noreferrer\">Centro Hist\u00f3rico de Quito<\/a>, mientras que la peatonal est\u00e1 parcialmente habilitada la tarde del 21 de noviembre. Poco antes del inicio de las\u00a0<b>protestas<\/b>\u00a0sociales en contra del presidente\u00a0<b>Daniel Noboa<\/b>, los efectivos policiales, militares y agentes de la AMT, incrementaron las medidas de seguridad para evitar desmanes.<\/p>\n<div id=\"r89-video-outstream-wrapper\"><\/div>\n<p>Quito.- Los grupos sindicales anunciaron la protesta y anticiparon un objetivo: Tomarse el Centro Hist\u00f3rico. Ante este anuncio el gobierno tom\u00f3 las medidas que consider\u00f3 necesarias.<\/p>\n<p>Desde tempranas horas el Centro Hist\u00f3rico estuvo resguardado y ya entrada la tarde, los manifestantes empezaron a agruparse. Aunque el derecho a la protesta est\u00e1 consagrado en nuestra Constituci\u00f3n, la ciudad de Quito esta actualmente bajo un Estado de Excepci\u00f3n, que restringe ciertos derechos como el de la libertad para reunirse. Basado en ello, las autoridades actuaron, revisaban mochilas, cerraron ciertos per\u00edmetros y tomaron sus puestos de vigilancia.<\/p>\n<p>Estudiantes, centrales de trabajadores, representantes de organizaciones de derechos humanos y\u00a0 ciudadanos en general se dieron cita en la Caja del Seguro, entre algunos de los lugares previstos para concentrarse e iniciar la marcha, el momento que intentaron acercarse a Carondelet, el cual estaba enmallado por seguridad, los uniformados actuaron y por un momento hubo tensi\u00f3n por las piedras, los gases lacrim\u00f3genos, correteos y finalmente heridos y detenidos.<\/p>\n<p>10 detenidos, entre ella una representante de una organizaci\u00f3n de derechos humanos (INHRED) &#8211; quien ya recuper\u00f3 su libertad- y entre los m\u00faltiples heridos, se cuentan 3 polic\u00edas y algunos civiles.<\/p>\n<p>El comandante de Polic\u00eda, V\u00edctor Hugo Z\u00e1rate sostuvo que los polic\u00edas fueron agredidos durante las protestas con \u00abobjetos contundentes\u00bb y la Ministra M\u00f3nica Palencia manifest\u00f3 que ning\u00fan funcionario p\u00fablico tiene que \u00abtolerar\u00bb ser v\u00edctima de agresiones. Por ello, adelant\u00f3 que acudir\u00e1n a las unidades judiciales pertinentes, \u00abconstatando la legalidad de los procesos y verificando que no quede en la impunidad\u00bb.<\/p>\n<p>En otras ciudades como Guayaquil, Cuenca y Machala, tambi\u00e9n se registraron protestas pero sin mayor trascendencia.<\/p>\n<\/div>\n<div class=\"paragraph\">\n<p>&nbsp;<\/p>\n<\/div>\n","protected":false},"excerpt":{"rendered":"<p>La circulaci\u00f3n vehicular est\u00e1 totalmente restringida en el\u00a0Centro Hist\u00f3rico de Quito, mientras que la peatonal est\u00e1 parcialmente habilitada la tarde del 21 de noviembre. Poco antes del inicio de las\u00a0protestas\u00a0sociales en contra del presidente\u00a0Daniel Noboa, los efectivos policiales, militares y agentes de la AMT, incrementaron las medidas de seguridad para evitar desmanes. Quito.- Los grupos [&hellip;]<\/p>\n","protected":false},"author":3,"featured_media":21244,"comment_status":"open","ping_status":"closed","sticky":false,"template":"","format":"standard","meta":{"_jetpack_memberships_contains_paid_content":false,"footnotes":""},"categories":[13],"tags":[3350,3349],"class_list":["post-21243","post","type-post","status-publish","format-standard","has-post-thumbnail","hentry","category-noticias-nacionales","tag-centrohistorico","tag-marchasquito"],"jetpack_featured_media_url":"https:\/\/radiocresatelital.com\/wp-content\/uploads\/2024\/11\/protestas-quito.jpg","jetpack_sharing_enabled":true,"_links":{"self":[{"href":"https:\/\/radiocresatelital.com\/index.php?rest_route=\/wp\/v2\/posts\/21243","targetHints":{"allow":["GET"]}}],"collection":[{"href":"https:\/\/radiocresatelital.com\/index.php?rest_route=\/wp\/v2\/posts"}],"about":[{"href":"https:\/\/radiocresatelital.com\/index.php?rest_route=\/wp\/v2\/types\/post"}],"author":[{"embeddable":true,"href":"https:\/\/radiocresatelital.com\/index.php?rest_route=\/wp\/v2\/users\/3"}],"replies":[{"embeddable":true,"href":"https:\/\/radiocresatelital.com\/index.php?rest_route=%2Fwp%2Fv2%2Fcomments&post=21243"}],"version-history":[{"count":1,"href":"https:\/\/radiocresatelital.com\/index.php?rest_route=\/wp\/v2\/posts\/21243\/revisions"}],"predecessor-version":[{"id":21245,"href":"https:\/\/radiocresatelital.com\/index.php?rest_route=\/wp\/v2\/posts\/21243\/revisions\/21245"}],"wp:featuredmedia":[{"embeddable":true,"href":"https:\/\/radiocresatelital.com\/index.php?rest_route=\/wp\/v2\/media\/21244"}],"wp:attachment":[{"href":"https:\/\/radiocresatelital.com\/index.php?rest_route=%2Fwp%2Fv2%2Fmedia&parent=21243"}],"wp:term":[{"taxonomy":"category","embeddable":true,"href":"https:\/\/radiocresatelital.com\/index.php?rest_route=%2Fwp%2Fv2%2Fcategories&post=21243"},{"taxonomy":"post_tag","embeddable":true,"href":"https:\/\/radiocresatelital.com\/index.php?rest_route=%2Fwp%2Fv2%2Ftags&post=21243"}],"curies":[{"name":"wp","href":"https:\/\/api.w.org\/{rel}","templated":true}]}}