{"id":21240,"date":"2024-11-22T14:25:42","date_gmt":"2024-11-22T14:25:42","guid":{"rendered":"https:\/\/radiocresatelital.com\/?p=21240"},"modified":"2024-11-22T14:25:42","modified_gmt":"2024-11-22T14:25:42","slug":"asesinan-a-la-jefa-de-guias-de-la-penitenciaria-del-litoral","status":"publish","type":"post","link":"https:\/\/radiocresatelital.com\/?p=21240","title":{"rendered":"Asesinan a la Jefa de Gu\u00edas de la Penitenciar\u00eda del Litoral"},"content":{"rendered":"<p>Guayaquil.- Anoche, fue asesinada a tiros, la Jefa de Guias de la Penitenciar\u00eda del Litoral, Anal\u00ed Rodr\u00edguez, hecho que sucedi\u00f3 a pocos metros de la garita de control donde se encuentra el personal del Bloque de Seguridad (polic\u00edas y militares) custodiando el lugar.<\/p>\n<p>Una moto con dos hombres a bordo, dispar\u00f3 contra la funcionaria, quien al parecer ya habr\u00eda recibido amenazas, puesto que hace algunos d\u00edas solicit\u00f3 el traslado a otro recinto carcelario, solicitud que la SNAI, nunca contest\u00f3.<\/p>\n<p>Rodr\u00edguez, oriunda de Esmeraldas, de 34 a\u00f1os de edad, deja en orfandad a un hijo en etapa de lactancia. SNAI, hasta el momento no ha emitido ning\u00fan comunicados ni rueda de prensa sobre esta nueva p\u00e9rdida de un elemento dedicado a custodiar un recinto carcelario.<\/p>\n<p>&nbsp;<\/p>\n<p>&nbsp;<\/p>\n","protected":false},"excerpt":{"rendered":"<p>Guayaquil.- Anoche, fue asesinada a tiros, la Jefa de Guias de la Penitenciar\u00eda del Litoral, Anal\u00ed Rodr\u00edguez, hecho que sucedi\u00f3 a pocos metros de la garita de control donde se encuentra el personal del Bloque de Seguridad (polic\u00edas y militares) custodiando el lugar. Una moto con dos hombres a bordo, dispar\u00f3 contra la funcionaria, quien [&hellip;]<\/p>\n","protected":false},"author":3,"featured_media":21241,"comment_status":"open","ping_status":"closed","sticky":false,"template":"","format":"standard","meta":{"_jetpack_memberships_contains_paid_content":false,"footnotes":""},"categories":[13],"tags":[3348],"class_list":["post-21240","post","type-post","status-publish","format-standard","has-post-thumbnail","hentry","category-noticias-nacionales","tag-penitenciariadellitoral"],"jetpack_featured_media_url":"https:\/\/radiocresatelital.com\/wp-content\/uploads\/2024\/11\/Anali-Rodriguez.jpg","jetpack_sharing_enabled":true,"_links":{"self":[{"href":"https:\/\/radiocresatelital.com\/index.php?rest_route=\/wp\/v2\/posts\/21240","targetHints":{"allow":["GET"]}}],"collection":[{"href":"https:\/\/radiocresatelital.com\/index.php?rest_route=\/wp\/v2\/posts"}],"about":[{"href":"https:\/\/radiocresatelital.com\/index.php?rest_route=\/wp\/v2\/types\/post"}],"author":[{"embeddable":true,"href":"https:\/\/radiocresatelital.com\/index.php?rest_route=\/wp\/v2\/users\/3"}],"replies":[{"embeddable":true,"href":"https:\/\/radiocresatelital.com\/index.php?rest_route=%2Fwp%2Fv2%2Fcomments&post=21240"}],"version-history":[{"count":1,"href":"https:\/\/radiocresatelital.com\/index.php?rest_route=\/wp\/v2\/posts\/21240\/revisions"}],"predecessor-version":[{"id":21242,"href":"https:\/\/radiocresatelital.com\/index.php?rest_route=\/wp\/v2\/posts\/21240\/revisions\/21242"}],"wp:featuredmedia":[{"embeddable":true,"href":"https:\/\/radiocresatelital.com\/index.php?rest_route=\/wp\/v2\/media\/21241"}],"wp:attachment":[{"href":"https:\/\/radiocresatelital.com\/index.php?rest_route=%2Fwp%2Fv2%2Fmedia&parent=21240"}],"wp:term":[{"taxonomy":"category","embeddable":true,"href":"https:\/\/radiocresatelital.com\/index.php?rest_route=%2Fwp%2Fv2%2Fcategories&post=21240"},{"taxonomy":"post_tag","embeddable":true,"href":"https:\/\/radiocresatelital.com\/index.php?rest_route=%2Fwp%2Fv2%2Ftags&post=21240"}],"curies":[{"name":"wp","href":"https:\/\/api.w.org\/{rel}","templated":true}]}}