{"id":21227,"date":"2024-11-21T21:47:27","date_gmt":"2024-11-21T21:47:27","guid":{"rendered":"https:\/\/radiocresatelital.com\/?p=21227"},"modified":"2024-11-21T23:50:02","modified_gmt":"2024-11-21T23:50:02","slug":"la-magia-de-la-navidad-llega-al-paseo-san-francisco-con-una-agenda-llena-de-actividades","status":"publish","type":"post","link":"https:\/\/radiocresatelital.com\/?p=21227","title":{"rendered":"La magia de la Navidad llega al Paseo San Francisco con una agenda llena de actividades"},"content":{"rendered":"<p>Quito.- La Navidad, una festividad global que conmueve los corazones de millones, marca el final de un a\u00f1o y se convierte en un momento de uni\u00f3n, celebraci\u00f3n y reencuentros familiares. Paseo San Francisco se prepara para recibir la temporada navide\u00f1a con una amplia gama de actividades dise\u00f1adas para el disfrute de toda la familia. Desde emocionantes talleres hasta presentaciones art\u00edsticas, este centro comercial invita a la comunidad a participar en un ambiente festivo y seguro.<\/p>\n<p>\u00b7 23 y 30 de noviembre: Masterclass de decoraci\u00f3n navide\u00f1a a cargo de la experta decoradora Natalia Ladaluce. Se podr\u00e1 aprender t\u00e9cnicas innovadoras para embellecer los hogares ecuatorianos en esta Navidad.<\/p>\n<p>\u00b7 24 de noviembre: Shows y talleres navide\u00f1os<\/p>\n<p>\u00b7 23 de noviembre: Encendido del \u00e1rbol. Un evento especial que marca el inicio oficial de la temporada navide\u00f1a en el Paseo San Francisco.<\/p>\n<p>\u00b7 Del 25 de noviembre al 01 de diciembre: Black week. Una semana completa de ofertas exclusivas y descuentos imperdibles en una variedad de productos.<\/p>\n<p>\u00b7 28, 29 y 30 de noviembre: Winter Pop up (manualidades navide\u00f1as en 3D). Un espacio creativo donde los asistentes podr\u00e1n elaborar sus propias decoraciones navide\u00f1as. Estos espacios permiten a los asistentes disfrutar de la magia de la Navidad de una manera tradicional y divertida, promoviendo la participaci\u00f3n de la comunidad en un ambiente seguro y familiar.<\/p>\n","protected":false},"excerpt":{"rendered":"<p>Quito.- La Navidad, una festividad global que conmueve los corazones de millones, marca el final de un a\u00f1o y se convierte en un momento de uni\u00f3n, celebraci\u00f3n y reencuentros familiares. Paseo San Francisco se prepara para recibir la temporada navide\u00f1a con una amplia gama de actividades dise\u00f1adas para el disfrute de toda la familia. Desde [&hellip;]<\/p>\n","protected":false},"author":2,"featured_media":21228,"comment_status":"open","ping_status":"closed","sticky":false,"template":"","format":"standard","meta":{"_jetpack_memberships_contains_paid_content":false,"footnotes":""},"categories":[13],"tags":[2084],"class_list":["post-21227","post","type-post","status-publish","format-standard","has-post-thumbnail","hentry","category-noticias-nacionales","tag-paseo-san-francisco"],"jetpack_featured_media_url":"https:\/\/radiocresatelital.com\/wp-content\/uploads\/2024\/11\/Navidad-PSF-scaled.jpg","jetpack_sharing_enabled":true,"_links":{"self":[{"href":"https:\/\/radiocresatelital.com\/index.php?rest_route=\/wp\/v2\/posts\/21227","targetHints":{"allow":["GET"]}}],"collection":[{"href":"https:\/\/radiocresatelital.com\/index.php?rest_route=\/wp\/v2\/posts"}],"about":[{"href":"https:\/\/radiocresatelital.com\/index.php?rest_route=\/wp\/v2\/types\/post"}],"author":[{"embeddable":true,"href":"https:\/\/radiocresatelital.com\/index.php?rest_route=\/wp\/v2\/users\/2"}],"replies":[{"embeddable":true,"href":"https:\/\/radiocresatelital.com\/index.php?rest_route=%2Fwp%2Fv2%2Fcomments&post=21227"}],"version-history":[{"count":2,"href":"https:\/\/radiocresatelital.com\/index.php?rest_route=\/wp\/v2\/posts\/21227\/revisions"}],"predecessor-version":[{"id":21230,"href":"https:\/\/radiocresatelital.com\/index.php?rest_route=\/wp\/v2\/posts\/21227\/revisions\/21230"}],"wp:featuredmedia":[{"embeddable":true,"href":"https:\/\/radiocresatelital.com\/index.php?rest_route=\/wp\/v2\/media\/21228"}],"wp:attachment":[{"href":"https:\/\/radiocresatelital.com\/index.php?rest_route=%2Fwp%2Fv2%2Fmedia&parent=21227"}],"wp:term":[{"taxonomy":"category","embeddable":true,"href":"https:\/\/radiocresatelital.com\/index.php?rest_route=%2Fwp%2Fv2%2Fcategories&post=21227"},{"taxonomy":"post_tag","embeddable":true,"href":"https:\/\/radiocresatelital.com\/index.php?rest_route=%2Fwp%2Fv2%2Ftags&post=21227"}],"curies":[{"name":"wp","href":"https:\/\/api.w.org\/{rel}","templated":true}]}}