{"id":21224,"date":"2024-11-21T23:44:56","date_gmt":"2024-11-21T23:44:56","guid":{"rendered":"https:\/\/radiocresatelital.com\/?p=21224"},"modified":"2024-11-21T23:44:56","modified_gmt":"2024-11-21T23:44:56","slug":"miduvi-engtrega-viviendas-a-medallistas-paralimpicas","status":"publish","type":"post","link":"https:\/\/radiocresatelital.com\/?p=21224","title":{"rendered":"MIDUVI engtrega viviendas a Medallistas paral\u00edmpicas"},"content":{"rendered":"<p>Quito. \u2013 El Gobierno Nacional, a trav\u00e9s del Ministro de Desarrollo Urbano y Vivienda, Humberto Plaza, entreg\u00f3 una vivienda amoblada y equipada, a las medallistas paral\u00edmpicas Poleth Mendes y Estefany L\u00f3pez, respectivamente.<\/p>\n<p>El Ministerio de Desarrollo Urbano y Vivienda (Miduvi) cumple con el compromiso del presidente Daniel Noboa, de reconocer los logros alcanzados por las deportistas en los Juegos Paral\u00edmpicos Par\u00eds 2024, con la entrega de una vivienda, totalmente, equipada a cada una. En este acto acompa\u00f1aron al ministro Humberto Plaza, el ministro del Deporte, Jos\u00e9 Jim\u00e9nez, as\u00ed como representantes de la constructora Vainco y familiares de las deportistas.<\/p>\n<p>Durante la entrega el representante de esta cartera de Estado, dio la bienvenida a las deportistas indicando que, \u00abeste es un reconocimiento bien merecido, porque es el fruto de su trabajo, esfuerzo y disciplina\u00bb. As\u00ed tambi\u00e9n se\u00f1al\u00f3 que, para las glorias de nuestro deporte ecuatoriano, siempre entregaremos lo mejor.<\/p>\n<p>Estefany desde el balc\u00f3n de su nueva casa, agradeci\u00f3 al Gobierno Nacional, al Miduvi y al Ministerio del Deporte por cumplir el sue\u00f1o de tener su casa propia e invit\u00f3 a los j\u00f3venes a practicar el deporte que les apasione, e indic\u00f3 que, en el Complejo \u00abLos Chasquis\u00bb, existe el espacio adecuado para hacerlo.<\/p>\n<p>Esta entrega forma parte de los incentivos que el gobierno del presidente Daniel Noboa brinda a los deportistas, ol\u00edmpicos y paral\u00edmpicos, que dejaron en alto el nombre de nuestro pa\u00eds. De esta manera, el gobierno reafirma su compromiso con el desempe\u00f1o deportivo.<\/p>\n<p>Antes de finalizar, el ministro Plaza indic\u00f3 a las deportistas que sus triunfos no son producto el azar, sino gracias a su disciplina y perseverancia, que es como se hace un mejor pa\u00eds.<\/p>\n","protected":false},"excerpt":{"rendered":"<p>Quito. \u2013 El Gobierno Nacional, a trav\u00e9s del Ministro de Desarrollo Urbano y Vivienda, Humberto Plaza, entreg\u00f3 una vivienda amoblada y equipada, a las medallistas paral\u00edmpicas Poleth Mendes y Estefany L\u00f3pez, respectivamente. El Ministerio de Desarrollo Urbano y Vivienda (Miduvi) cumple con el compromiso del presidente Daniel Noboa, de reconocer los logros alcanzados por las [&hellip;]<\/p>\n","protected":false},"author":2,"featured_media":21225,"comment_status":"open","ping_status":"closed","sticky":false,"template":"","format":"standard","meta":{"_jetpack_memberships_contains_paid_content":false,"footnotes":""},"categories":[9],"tags":[1524],"class_list":["post-21224","post","type-post","status-publish","format-standard","has-post-thumbnail","hentry","category-deportes","tag-ministro-de-desarrollo-urbano-y-vivienda"],"jetpack_featured_media_url":"https:\/\/radiocresatelital.com\/wp-content\/uploads\/2024\/11\/viviendas-2048x1536-1.jpeg","jetpack_sharing_enabled":true,"_links":{"self":[{"href":"https:\/\/radiocresatelital.com\/index.php?rest_route=\/wp\/v2\/posts\/21224","targetHints":{"allow":["GET"]}}],"collection":[{"href":"https:\/\/radiocresatelital.com\/index.php?rest_route=\/wp\/v2\/posts"}],"about":[{"href":"https:\/\/radiocresatelital.com\/index.php?rest_route=\/wp\/v2\/types\/post"}],"author":[{"embeddable":true,"href":"https:\/\/radiocresatelital.com\/index.php?rest_route=\/wp\/v2\/users\/2"}],"replies":[{"embeddable":true,"href":"https:\/\/radiocresatelital.com\/index.php?rest_route=%2Fwp%2Fv2%2Fcomments&post=21224"}],"version-history":[{"count":1,"href":"https:\/\/radiocresatelital.com\/index.php?rest_route=\/wp\/v2\/posts\/21224\/revisions"}],"predecessor-version":[{"id":21226,"href":"https:\/\/radiocresatelital.com\/index.php?rest_route=\/wp\/v2\/posts\/21224\/revisions\/21226"}],"wp:featuredmedia":[{"embeddable":true,"href":"https:\/\/radiocresatelital.com\/index.php?rest_route=\/wp\/v2\/media\/21225"}],"wp:attachment":[{"href":"https:\/\/radiocresatelital.com\/index.php?rest_route=%2Fwp%2Fv2%2Fmedia&parent=21224"}],"wp:term":[{"taxonomy":"category","embeddable":true,"href":"https:\/\/radiocresatelital.com\/index.php?rest_route=%2Fwp%2Fv2%2Fcategories&post=21224"},{"taxonomy":"post_tag","embeddable":true,"href":"https:\/\/radiocresatelital.com\/index.php?rest_route=%2Fwp%2Fv2%2Ftags&post=21224"}],"curies":[{"name":"wp","href":"https:\/\/api.w.org\/{rel}","templated":true}]}}