{"id":21202,"date":"2024-11-21T19:48:48","date_gmt":"2024-11-21T19:48:48","guid":{"rendered":"https:\/\/radiocresatelital.com\/?p=21202"},"modified":"2024-11-21T22:52:09","modified_gmt":"2024-11-21T22:52:09","slug":"temporada-de-descuentos-presenta-un-black-friday-extendido-en-mall-del-sur","status":"publish","type":"post","link":"https:\/\/radiocresatelital.com\/?p=21202","title":{"rendered":"Temporada de descuentos presenta un Black Friday extendido en Mall del Sur"},"content":{"rendered":"<p class=\"x_MsoNormal\"><span data-olk-copy-source=\"MessageBody\">Guayaquil.- Los descuentos y las oportunidades se activar\u00e1n en el esperado Black Weekend de Mall del Sur, una campa\u00f1a tan popular que este a\u00f1o propone a los clientes y p\u00fablico en general anticipar y programar mejor sus compras. Ser\u00e1 un fin de semana en donde la variedad de productos, en diferentes categor\u00edas y para todos los gustos, estar\u00e1 dispuesta con inmejorables precios.\u00a0<\/span><\/p>\n<p class=\"x_MsoNormal\">As\u00ed, desde el viernes 29 de noviembre al domingo 1 de diciembre, todos los locales de Mall del Sur presentar\u00e1n sus mejores ofertas y promociones para atraer a sus clientes y presentarles atractivos descuentos, mismos que llegar\u00e1n hasta el 50%.<\/p>\n<p class=\"x_MsoNormal\">Adem\u00e1s estas compras podr\u00e1n ser parte de la campa\u00f1a central de Mall del Sur \u201cNavidad, tiempo de celebrar 20 a\u00f1os juntos\u201d que entregar\u00e1 2 autos KIA SONET 0KM por los canjes de facturas a partir de $25, y continuando en modo festivo obtener pases para ganar premios instant\u00e1neos en el show de temporada \u201cGiro Navide\u00f1o\u201d.<\/p>\n<p class=\"x_MsoNormal\">Con todas estas promociones y beneficios, Mall del Sur hace la invitaci\u00f3n al p\u00fablico en general a aprovechar este Black Weekend, comprar con precios incre\u00edbles y disfrutar de un ambiente de alegr\u00eda, distracci\u00f3n, c\u00f3modo y seguro.<\/p>\n","protected":false},"excerpt":{"rendered":"<p>Guayaquil.- Los descuentos y las oportunidades se activar\u00e1n en el esperado Black Weekend de Mall del Sur, una campa\u00f1a tan popular que este a\u00f1o propone a los clientes y p\u00fablico en general anticipar y programar mejor sus compras. Ser\u00e1 un fin de semana en donde la variedad de productos, en diferentes categor\u00edas y para todos [&hellip;]<\/p>\n","protected":false},"author":2,"featured_media":21203,"comment_status":"open","ping_status":"closed","sticky":false,"template":"","format":"standard","meta":{"_jetpack_memberships_contains_paid_content":false,"footnotes":""},"categories":[13],"tags":[3330,246],"class_list":["post-21202","post","type-post","status-publish","format-standard","has-post-thumbnail","hentry","category-noticias-nacionales","tag-black-friday","tag-mall-del-sur"],"jetpack_featured_media_url":"https:\/\/radiocresatelital.com\/wp-content\/uploads\/2024\/11\/20230131_152625.jpg","jetpack_sharing_enabled":true,"_links":{"self":[{"href":"https:\/\/radiocresatelital.com\/index.php?rest_route=\/wp\/v2\/posts\/21202","targetHints":{"allow":["GET"]}}],"collection":[{"href":"https:\/\/radiocresatelital.com\/index.php?rest_route=\/wp\/v2\/posts"}],"about":[{"href":"https:\/\/radiocresatelital.com\/index.php?rest_route=\/wp\/v2\/types\/post"}],"author":[{"embeddable":true,"href":"https:\/\/radiocresatelital.com\/index.php?rest_route=\/wp\/v2\/users\/2"}],"replies":[{"embeddable":true,"href":"https:\/\/radiocresatelital.com\/index.php?rest_route=%2Fwp%2Fv2%2Fcomments&post=21202"}],"version-history":[{"count":1,"href":"https:\/\/radiocresatelital.com\/index.php?rest_route=\/wp\/v2\/posts\/21202\/revisions"}],"predecessor-version":[{"id":21204,"href":"https:\/\/radiocresatelital.com\/index.php?rest_route=\/wp\/v2\/posts\/21202\/revisions\/21204"}],"wp:featuredmedia":[{"embeddable":true,"href":"https:\/\/radiocresatelital.com\/index.php?rest_route=\/wp\/v2\/media\/21203"}],"wp:attachment":[{"href":"https:\/\/radiocresatelital.com\/index.php?rest_route=%2Fwp%2Fv2%2Fmedia&parent=21202"}],"wp:term":[{"taxonomy":"category","embeddable":true,"href":"https:\/\/radiocresatelital.com\/index.php?rest_route=%2Fwp%2Fv2%2Fcategories&post=21202"},{"taxonomy":"post_tag","embeddable":true,"href":"https:\/\/radiocresatelital.com\/index.php?rest_route=%2Fwp%2Fv2%2Ftags&post=21202"}],"curies":[{"name":"wp","href":"https:\/\/api.w.org\/{rel}","templated":true}]}}