{"id":21187,"date":"2024-11-21T20:26:30","date_gmt":"2024-11-21T20:26:30","guid":{"rendered":"https:\/\/radiocresatelital.com\/?p=21187"},"modified":"2024-11-21T22:30:09","modified_gmt":"2024-11-21T22:30:09","slug":"avianca-cargo-anuncia-nueva-identidad-de-marca-y-reporta-exito-transformacional-con-una-fuerte-propuesta-de-valor","status":"publish","type":"post","link":"https:\/\/radiocresatelital.com\/?p=21187","title":{"rendered":"Avianca Cargo anuncia nueva identidad de marca y reporta \u00e9xito transformacional con una fuerte propuesta de valor"},"content":{"rendered":"<p>Quito.- Avianca Cargo presenta con orgullo su nuevo concepto de marca, marcando una transformaci\u00f3n fundamental que resalta su compromiso con un servicio excepcional. Esta reinvenci\u00f3n encarna la nueva esencia de \u00abAvianca Cargo, lo hacemos para ti\u00bb, reflejando el enfoque de la aerol\u00ednea en las necesidades de sus clientes y en las asociaciones a largo plazo.<\/p>\n<p>Este nuevo concepto simboliza el esp\u00edritu de un h\u00e9roe dedicado a servir a los dem\u00e1s por deber, compromiso y convicci\u00f3n. Este cambio es m\u00e1s que un eslogan, es una declaraci\u00f3n de compromiso renovado con quienes conf\u00edan en la compa\u00f1\u00eda.<\/p>\n<p>\u201cNuestra transformaci\u00f3n nos ha posicionado como una de las seis mejores aerol\u00edneas de carga del mundo\u201d, coment\u00f3 Diogo Elias, vicepresidente s\u00e9nior de Avianca Cargo. \u201cHemos elevado nuestros niveles de servicio, actualizado nuestra flota y mejorado nuestras ofertas de productos, mientras aseguramos una operaci\u00f3n m\u00e1s consistente y eficiente. Nuestro equipo dedicado trabaja incansablemente para satisfacer cada requerimiento y soluci\u00f3n que buscan nuestros clientes, permiti\u00e9ndoles hacer crecer sus negocios\u201d.<\/p>\n<p>Con el cierre del tercer trimestre de 2024, Avianca Cargo aument\u00f3 su factor de ocupaci\u00f3n de red envm\u00e1s de un 5%, en l\u00ednea a\u00f1o tras a\u00f1o, como resultado de la recuperaci\u00f3n del mercado de importaciones de carga en Am\u00e9rica Latina y la renovaci\u00f3n de su flota.<\/p>\n<p>El nuevo posicionamiento de marca es la culminaci\u00f3n de esfuerzos que han mejorado la eficiencia operativa y la conectividad:<\/p>\n<p>M\u00e1s capacidad de carga y sostenibilidad para nuestros clientes :<br \/>\n\u25cf Avianca Cargo, comprometida con la sostenibilidad, opera el Airbus A330, la flota de tama\u00f1o medio m\u00e1s moderna con el menor impacto ambiental en la regi\u00f3n.<br \/>\n\u25cf La flota de la aerol\u00ednea es aproximadamente un 51% m\u00e1s joven que el promedio de aviones de carga en Am\u00e9rica Latina. Una flota m\u00e1s nueva es m\u00e1s eficiente en consumo de combustible y genera menos emisiones de CO2.<br \/>\n\u25cf En asociaci\u00f3n con la empresa de tecnolog\u00eda clim\u00e1tica CHOOOSE\u2122, Avianca Cargo lanza oficialmente una plataforma en tiempo real que permite a los clientes monitorear, rastrear y compensar las emisiones de carbono del transporte de carga, apoyando proyectos ambientales en Am\u00e9rica Latina.<\/p>\n<p><strong>Red y flota m\u00e1s robustas:<\/strong><br \/>\n\u25cf Como parte de una estrategia de inversi\u00f3n, Avianca Cargo expandi\u00f3 su flota con cuatro aeronaves A330-300\/200 P2F, mejorando la capacidad y eficiencia de combustible. La primera se uni\u00f3 a su socio comercial AeroUnion en julio, dos m\u00e1s lo har\u00e1n en 2025 y la \u00faltima en 2026, ofreciendo mayor carga \u00fatil y flexibilidad en rutas de mediano alcance.<br \/>\n\u25cf Nos conectamos al mayor n\u00famero de destinos desde la pandemia, con alrededor de 350 plazas mediante vuelos de carga, vuelos de pasajeros y acuerdos interl\u00ednea.<br \/>\n\u25cf Conectamos m\u00e1s de 75 destinos con 220 vuelos de carga semanales junto con m\u00e1s de 1,400 vuelos de pasajeros.<br \/>\n\u25cf El 3 de noviembre, en asociaci\u00f3n con Turkish Airlines, Avianca Cargo lanz\u00f3 un nuevo servicio de Lieja a Miami, mejorando la conectividad de carga y expandiendo el acceso a una red global m\u00e1s all\u00e1 de Miami con mayor capacidad.<\/p>\n<p><strong>La primera en innovar en Sudam\u00e9rica:<\/strong><br \/>\n\u25cf Avianca Cargo es la primera aerol\u00ednea sudamericana en integrarse con DB Schenker, revolucionando la log\u00edstica en servicios de carga m\u00e1s r\u00e1pidos y confiables en el continente.<br \/>\n\u25cf La primera aerol\u00ednea en las Am\u00e9ricas en lograr cuatro certificaciones CEIV: Pharma, Fresh, Bater\u00edas de Litio y Animales Vivos, que establecen un est\u00e1ndar destacado en la industria.<br \/>\n\u25cf Una de las seis mejores aerol\u00edneas de carga en el mundo seg\u00fan los Air Cargo News Awards 2024. Mejora continua e innovaci\u00f3n de las operaciones:<br \/>\n\u25cf Avianca Cargo ahora ofrece el 100% de sus rutas para carga GCR, con conexiones a tres grandes mercados: CargoAI, cargoONE y WebCargo, haciendo que las reservas sean m\u00e1s eficientes desde enero de 2024.<br \/>\n\u25cf La aerol\u00ednea ha implementado estrategias avanzadas de eBooking para mejorar la precisi\u00f3n en reservas y agilizar los procesos de confirmaci\u00f3n.<br \/>\n\u25cf Las inversiones recientes en infraestructura en sus principales terminales en Miami y Bogot\u00e1 han aumentado la capacidad de temporada alta en un 83% y mejorado la eficiencia promedio de tiempo de giro en un 20%.<br \/>\n\u25cf Avianca Cargo optimiz\u00f3 sus bodegas para reducir la huella de carbono, implementando una sala fr\u00eda de eficiencia energ\u00e9tica y cero ODP en Medell\u00edn y un sistema de refrigeraci\u00f3n cero GWP en Miami para reducir las emisiones.<\/p>\n<p><strong>Integraci\u00f3n sin interrupciones con los principales agentes de carga:<\/strong><br \/>\n\u25cf En su integraci\u00f3n con CargoWise, Avianca Cargo gestiona reservas desde Panam\u00e1, El Salvador, Brasil, Colombia, Ecuador y Estados Unidos, garantizando operaciones de carga fluidas con los 25 principales agentes de carga a nivel global.<br \/>\n\u25cf A trav\u00e9s de Airblox, Avianca Cargo ofrece m\u00e1s de 280 vuelos para acuerdos de espacio bloqueado electr\u00f3nico (eBSA en ingl\u00e9s) en un per\u00edodo de dos meses, brindando a los agentes de carga flexibilidad y espacio de carga garantizado<\/p>\n","protected":false},"excerpt":{"rendered":"<p>Quito.- Avianca Cargo presenta con orgullo su nuevo concepto de marca, marcando una transformaci\u00f3n fundamental que resalta su compromiso con un servicio excepcional. Esta reinvenci\u00f3n encarna la nueva esencia de \u00abAvianca Cargo, lo hacemos para ti\u00bb, reflejando el enfoque de la aerol\u00ednea en las necesidades de sus clientes y en las asociaciones a largo plazo. [&hellip;]<\/p>\n","protected":false},"author":2,"featured_media":21188,"comment_status":"open","ping_status":"closed","sticky":false,"template":"","format":"standard","meta":{"_jetpack_memberships_contains_paid_content":false,"footnotes":""},"categories":[13],"tags":[3336],"class_list":["post-21187","post","type-post","status-publish","format-standard","has-post-thumbnail","hentry","category-noticias-nacionales","tag-avianca-cargo"],"jetpack_featured_media_url":"https:\/\/radiocresatelital.com\/wp-content\/uploads\/2024\/11\/Avion-carguero_nuevo-logo_2.jpg","jetpack_sharing_enabled":true,"_links":{"self":[{"href":"https:\/\/radiocresatelital.com\/index.php?rest_route=\/wp\/v2\/posts\/21187","targetHints":{"allow":["GET"]}}],"collection":[{"href":"https:\/\/radiocresatelital.com\/index.php?rest_route=\/wp\/v2\/posts"}],"about":[{"href":"https:\/\/radiocresatelital.com\/index.php?rest_route=\/wp\/v2\/types\/post"}],"author":[{"embeddable":true,"href":"https:\/\/radiocresatelital.com\/index.php?rest_route=\/wp\/v2\/users\/2"}],"replies":[{"embeddable":true,"href":"https:\/\/radiocresatelital.com\/index.php?rest_route=%2Fwp%2Fv2%2Fcomments&post=21187"}],"version-history":[{"count":1,"href":"https:\/\/radiocresatelital.com\/index.php?rest_route=\/wp\/v2\/posts\/21187\/revisions"}],"predecessor-version":[{"id":21189,"href":"https:\/\/radiocresatelital.com\/index.php?rest_route=\/wp\/v2\/posts\/21187\/revisions\/21189"}],"wp:featuredmedia":[{"embeddable":true,"href":"https:\/\/radiocresatelital.com\/index.php?rest_route=\/wp\/v2\/media\/21188"}],"wp:attachment":[{"href":"https:\/\/radiocresatelital.com\/index.php?rest_route=%2Fwp%2Fv2%2Fmedia&parent=21187"}],"wp:term":[{"taxonomy":"category","embeddable":true,"href":"https:\/\/radiocresatelital.com\/index.php?rest_route=%2Fwp%2Fv2%2Fcategories&post=21187"},{"taxonomy":"post_tag","embeddable":true,"href":"https:\/\/radiocresatelital.com\/index.php?rest_route=%2Fwp%2Fv2%2Ftags&post=21187"}],"curies":[{"name":"wp","href":"https:\/\/api.w.org\/{rel}","templated":true}]}}