{"id":21181,"date":"2024-11-21T20:08:24","date_gmt":"2024-11-21T20:08:24","guid":{"rendered":"https:\/\/radiocresatelital.com\/?p=21181"},"modified":"2024-11-21T22:20:31","modified_gmt":"2024-11-21T22:20:31","slug":"exploradores-lqdvi-transformando-vidas-y-sembrando-esperanza-en-la-juventud-ecuatoriana","status":"publish","type":"post","link":"https:\/\/radiocresatelital.com\/?p=21181","title":{"rendered":"Exploradores LQDVI: Transformando vidas y sembrando esperanza en la Juventud Ecuatoriana"},"content":{"rendered":"<p>Quito.- La Fundaci\u00f3n Lo Que De Verdad Importa (LQDVI) celebra un verdadero hito con su exitoso Programa Exploradores, que complementa la educaci\u00f3n de los j\u00f3venes con la formaci\u00f3n en valores. La Fundaci\u00f3n con sede matriz en Espa\u00f1a confi\u00f3 en Ecuador como primer pa\u00eds en Latinoam\u00e9rica para emprender esta iniciativa desde hace una d\u00e9cada, llegando a beneficiar a miles de adolescentes con conferencias y talleres<br \/>\nvivenciales. Esta innovadora iniciativa se consolida como el mayor promotor de valores a nivel de las instituciones privadas.<\/p>\n<p>Adem\u00e1s, una de los principales objetivos de este proyecto es guiar a cientos de adolescentes con sus programas, los que se desarrollan desde el 2023 a construir su plan de vida a futuro.<\/p>\n<p>Esto se logra mediante una gu\u00eda vocacional y la formaci\u00f3n de valores. Seg\u00fan estudios recientes, el 44% de los adolescentes ecuatorianos considera migrar a otro pa\u00eds.<\/p>\n<p>Exploradores busca revertir esta tendencia, ofreciendo oportunidades y motivaciones para que los j\u00f3venes se desarrollen en su propio pa\u00eds.<\/p>\n<p>Gracias al apoyo de instituciones como Banco Pichincha y Arca Continental, as\u00ed como a la colaboraci\u00f3n de diversas redes educativas, el Programa Exploradores ha logrado expandir su alcance y fortalecer su impacto.<\/p>\n<p>Para el 2025, LQDVI tiene como objetivo ampliar el alcance del Programa Exploradores, llegando a m\u00e1s j\u00f3venes en instituciones privadas de otras provincias a trav\u00e9s de una plataforma de contenido de valor en l\u00ednea.<\/p>\n<p><strong>Un Sue\u00f1o Cumplido de Manera Anticipada<\/strong><br \/>\nEl \u00e9xito de este proyecto ha permitido alcanzar anticipadamente la meta de m\u00e1s de cien inscritos para el 2024, logrando beneficiar a este n\u00famero de j\u00f3venes en el segundo semestre de este a\u00f1o.<\/p>\n<p>El programa Exploradores cumple una funci\u00f3n esencial en el Ecuador del 2024, un pa\u00eds afectado por la falta de medidas de prevenci\u00f3n y soluciones para garantizar un entorno que promueva la salud mental y los valores universales en los adolescentes para su desarrollo integral. A trav\u00e9s del poder transformador de la promoci\u00f3n de valores, buscan cambiar la vida de miles de j\u00f3venes de todo nivel socioecon\u00f3mico, brind\u00e1ndoles asesor\u00eda vocacional que aporte a su desarrollo, mejore sus perspectivas de vida y los aleje del abandono escolar.<\/p>\n<p><strong>Participaci\u00f3n y Beneficios<\/strong><br \/>\nEn este proyecto participan j\u00f3venes de entre 14 a 19 a\u00f1os. Se realizan programas en formato bootcamp de dos d\u00edas donde los j\u00f3venes adquieren las competencias necesarias en habilidades blandas para construir su plan de vida, junto a psic\u00f3logos y mentores.<\/p>\n<p>Esta iniciativa ha demostrado ser exitosa y transformadora para miles de j\u00f3venes ecuatorianos. Cada una de las actividades se desarrolla por medio de divertidas din\u00e1micas, por lo que no es una hora de clases sino una experiencia vivencial de los j\u00f3venes.<\/p>\n<p>Ver\u00f3nica Ponce, psic\u00f3loga de LQDVI, destaca: \u201cHemos crecido a pasos agigantados por nuestro compromiso de llegar a j\u00f3venes y ense\u00f1arles sobre temas que muchas veces no forman parte del curr\u00edculo educativo regular, como gestionar las emociones, desarrollar empat\u00eda, a trav\u00e9s, del autoconocimiento para descubrir sustalentos y su vocaci\u00f3n personal.<\/p>\n<p>El fondo de este proyecto es el impacto social. Queremos que cada joven vuelva a so\u00f1ar, tomando en cuenta sus valores y talentos\u201d.<\/p>\n<p>El Ministerio de Salud P\u00fablica (MSP) ha revelado que el 20% de ni\u00f1os y adolescentes muestran s\u00edntomas de depresi\u00f3n o ansiedad, subrayando as\u00ed la urgente necesidad de mejorar la prevenci\u00f3n con este tipo de programas en las unidades educativas. Por tal raz\u00f3n, abordar la salud mental de ni\u00f1os y adolescentes en Ecuador desde la educaci\u00f3n es fundamental para garantizar un desarrollo saludable y sostenible.<\/p>\n","protected":false},"excerpt":{"rendered":"<p>Quito.- La Fundaci\u00f3n Lo Que De Verdad Importa (LQDVI) celebra un verdadero hito con su exitoso Programa Exploradores, que complementa la educaci\u00f3n de los j\u00f3venes con la formaci\u00f3n en valores. La Fundaci\u00f3n con sede matriz en Espa\u00f1a confi\u00f3 en Ecuador como primer pa\u00eds en Latinoam\u00e9rica para emprender esta iniciativa desde hace una d\u00e9cada, llegando a [&hellip;]<\/p>\n","protected":false},"author":2,"featured_media":21183,"comment_status":"open","ping_status":"closed","sticky":false,"template":"","format":"standard","meta":{"_jetpack_memberships_contains_paid_content":false,"footnotes":""},"categories":[9,13],"tags":[3334],"class_list":["post-21181","post","type-post","status-publish","format-standard","has-post-thumbnail","hentry","category-deportes","category-noticias-nacionales","tag-fundacion-lo-que-de-verdad-importa"],"jetpack_featured_media_url":"https:\/\/radiocresatelital.com\/wp-content\/uploads\/2024\/11\/WhatsApp-Image-2024-11-21-at-17.10.39.jpeg","jetpack_sharing_enabled":true,"_links":{"self":[{"href":"https:\/\/radiocresatelital.com\/index.php?rest_route=\/wp\/v2\/posts\/21181","targetHints":{"allow":["GET"]}}],"collection":[{"href":"https:\/\/radiocresatelital.com\/index.php?rest_route=\/wp\/v2\/posts"}],"about":[{"href":"https:\/\/radiocresatelital.com\/index.php?rest_route=\/wp\/v2\/types\/post"}],"author":[{"embeddable":true,"href":"https:\/\/radiocresatelital.com\/index.php?rest_route=\/wp\/v2\/users\/2"}],"replies":[{"embeddable":true,"href":"https:\/\/radiocresatelital.com\/index.php?rest_route=%2Fwp%2Fv2%2Fcomments&post=21181"}],"version-history":[{"count":1,"href":"https:\/\/radiocresatelital.com\/index.php?rest_route=\/wp\/v2\/posts\/21181\/revisions"}],"predecessor-version":[{"id":21184,"href":"https:\/\/radiocresatelital.com\/index.php?rest_route=\/wp\/v2\/posts\/21181\/revisions\/21184"}],"wp:featuredmedia":[{"embeddable":true,"href":"https:\/\/radiocresatelital.com\/index.php?rest_route=\/wp\/v2\/media\/21183"}],"wp:attachment":[{"href":"https:\/\/radiocresatelital.com\/index.php?rest_route=%2Fwp%2Fv2%2Fmedia&parent=21181"}],"wp:term":[{"taxonomy":"category","embeddable":true,"href":"https:\/\/radiocresatelital.com\/index.php?rest_route=%2Fwp%2Fv2%2Fcategories&post=21181"},{"taxonomy":"post_tag","embeddable":true,"href":"https:\/\/radiocresatelital.com\/index.php?rest_route=%2Fwp%2Fv2%2Ftags&post=21181"}],"curies":[{"name":"wp","href":"https:\/\/api.w.org\/{rel}","templated":true}]}}