{"id":21166,"date":"2024-11-21T21:55:02","date_gmt":"2024-11-21T21:55:02","guid":{"rendered":"https:\/\/radiocresatelital.com\/?p=21166"},"modified":"2024-11-21T21:55:02","modified_gmt":"2024-11-21T21:55:02","slug":"msp-con-apoyo-de-ops-renueva-su-compromiso-en-la-lucha-contra-la-resistencia-a-los-antimicrobianos","status":"publish","type":"post","link":"https:\/\/radiocresatelital.com\/?p=21166","title":{"rendered":"MSP con apoyo de OPS renueva su compromiso en la lucha contra la resistencia a los antimicrobianos"},"content":{"rendered":"<p>Quito.- En un esfuerzo por combatir la creciente amenaza de la resistencia a los antimicrobianos (RAM), el Ministerio de Salud P\u00fablica (MSP), con el apoyo de la Organizaci\u00f3n Panamericana de la Salud (OPS\/OMS) desarroll\u00f3 un taller participativo para evaluar el Plan Nacional para la Prevenci\u00f3n y Control de la Resistencia Antimicrobiana (RAM) y actualizar el documento, con base en las nuevas evidencias y necesidades del pa\u00eds.<\/p>\n<p>Reunidos en Quito en el marco de la Semana Mundial de Concienciaci\u00f3n sobre el Uso de los Antimicrobianos 2024, m\u00e1s de 40 representantes de diversos sectores gubernamentales abordaron la creciente problem\u00e1tica de la resistencia a los antimicrobianos. Esta iniciativa, impulsada por la OMS bajo el lema \u2018Eduquemos, promovamos y actuemos ahora\u2019, se celebra anualmente del 18 al 24 de noviembre, con el fin de sensibilizar a la poblaci\u00f3n sobre esta problem\u00e1tica global.<\/p>\n<p>Seg\u00fan la OMS, la RAM supone una amenaza cada vez mayor para la salud p\u00fablica mundial y requiere medidas por parte de todos los sectores del gobierno y la sociedad.<\/p>\n<p>Valeska Stempliuk, asesora de Enfermedades Infecciosas de la Organizaci\u00f3n Panamericana de la Salud OPS\/OMS en Ecuador, motiv\u00f3 a los participantes a unir esfuerzos, desde cada rol para enfrentar este desaf\u00edo global. \u201cEcuador ha dado un paso crucial al actualizar su Plan Nacional de RAM. Esta epidemia silenciosa est\u00e1 cobrando muchas vidas y no est\u00e1 solo en los servicios de salud sino en la comunidad\u201d, dijo.<\/p>\n<p>En este sentido, Ecuador es un pa\u00eds pionero en la lucha antimicrobiana. En el marco del Plan Nacional RAM, se han llevado a cabo diversas acciones orientadas a fortalecer la vigilancia, la prevenci\u00f3n y el control de este problema de salud p\u00fablica.<\/p>\n<p>Durante la inauguraci\u00f3n, Antonio Naranjo Paz y Mi\u00f1o, ministro de Salud P\u00fablica, se\u00f1al\u00f3 que escenarios colaborativos y coordinados permitir\u00e1n resultados confiables. Y, que la detecci\u00f3n, la prescripci\u00f3n adecuada, el registro, educaci\u00f3n y la vigilancia epidemiol\u00f3gica son importantes para la RAM. \u201cLa concientizaci\u00f3n es un trabajo que involucra a los profesionales de salud. Esta podr\u00eda darse mediante comit\u00e9s de farmacolog\u00eda o programas de inform\u00e1tica que detectan alertas frente a una prescripci\u00f3n inadecuada\u201d.<\/p>\n<p>La autoridad agradeci\u00f3 el apoyo de la OPS e invit\u00f3 a que el Plan Nacional de RAM se convierta en la hoja de ruta para prevenir la resistencia a los antimicrobianos en el pa\u00eds.<\/p>\n<p>Con el prop\u00f3sito de darle un marco legal para la ejecuci\u00f3n del Plan Nacional de RAM se emiti\u00f3 el Acuerdo Ministerial 00001-2020 que une a los ministerios del Ambiente, Agua y Transici\u00f3n Ecol\u00f3gica (MAATE), Agricultura, Ganader\u00eda, Acuacultura y Pesca (MAG), la Secretar\u00eda de Educaci\u00f3n Superior, Ciencia, Tecnolog\u00eda e Innovaci\u00f3n de SENESCYT y el Ministerio de Salud P\u00fablica (MSP) en un\u00a0<strong>Comit\u00e9 Nacional\u00a0<\/strong>que permite la coordinaci\u00f3n entre los diferentes sectores involucrados en la gesti\u00f3n de la resistencia antimicrobiana con un enfoque integral `Una Salud`, que considera las interconexiones entre la salud humana, animal y ambiental.<\/p>\n<p>Adem\u00e1s, el MSP, ha desarrollado un nuevo modelo de vigilancia epidemiol\u00f3gica integrada para RAM, que incluye supervisiones a laboratorios para mejorar su capacidad de detecci\u00f3n y el reporte de datos a la plataforma global GLASS que facilita la comparaci\u00f3n de datos a nivel internacional. En el mismo sentido, la implementaci\u00f3n del proyecto IDASH para desarrollar un sistema inform\u00e1tico para recopilar y analizar datos sobre infecciones asociadas a la atenci\u00f3n en salud y mecanismos de resistencia, tanto a nivel comunitario como hospitalario.<\/p>\n<p>La reuni\u00f3n se desarroll\u00f3 el 18 y 19 de noviembre, y cont\u00f3 con el apoyo de la OPS. Participaron funcionarios de los ministerios de Ambiente, Agua y Transici\u00f3n Ecol\u00f3gica (MAATE); Agricultura y Ganader\u00eda (MAG); Producci\u00f3n, Comercio Exterior, Inversiones y Pesca (MPCEIP); Econom\u00eda y Finanzas (MEF); Educaci\u00f3n. Agencias como la de Regulaci\u00f3n y Control del Agua, Aseguramiento de la Calidad de los Servicios de Salud y Medicina Prepagada (ACESS); Agencia Nacional de Regulaci\u00f3n, Control y Vigilancia Sanitaria (ARCSA); Consejo Nacional de Salud (CONASA); la Secretar\u00eda Nacional de Planificaci\u00f3n (Senplades) y profesionales de la salud. Los delegados acordaron la necesidad de actualizaci\u00f3n del Acuerdo Ministerial para conformaci\u00f3n del\u00a0<strong>Comit\u00e9 Nacional de RAM<\/strong>.<\/p>\n","protected":false},"excerpt":{"rendered":"<p>Quito.- En un esfuerzo por combatir la creciente amenaza de la resistencia a los antimicrobianos (RAM), el Ministerio de Salud P\u00fablica (MSP), con el apoyo de la Organizaci\u00f3n Panamericana de la Salud (OPS\/OMS) desarroll\u00f3 un taller participativo para evaluar el Plan Nacional para la Prevenci\u00f3n y Control de la Resistencia Antimicrobiana (RAM) y actualizar el [&hellip;]<\/p>\n","protected":false},"author":2,"featured_media":21167,"comment_status":"open","ping_status":"closed","sticky":false,"template":"","format":"standard","meta":{"_jetpack_memberships_contains_paid_content":false,"footnotes":""},"categories":[13],"tags":[148,879],"class_list":["post-21166","post","type-post","status-publish","format-standard","has-post-thumbnail","hentry","category-noticias-nacionales","tag-ministerio-de-salud-publica","tag-organizacion-panamericana-de-la-salud"],"jetpack_featured_media_url":"https:\/\/radiocresatelital.com\/wp-content\/uploads\/2024\/11\/DSC01091.jpg","jetpack_sharing_enabled":true,"_links":{"self":[{"href":"https:\/\/radiocresatelital.com\/index.php?rest_route=\/wp\/v2\/posts\/21166","targetHints":{"allow":["GET"]}}],"collection":[{"href":"https:\/\/radiocresatelital.com\/index.php?rest_route=\/wp\/v2\/posts"}],"about":[{"href":"https:\/\/radiocresatelital.com\/index.php?rest_route=\/wp\/v2\/types\/post"}],"author":[{"embeddable":true,"href":"https:\/\/radiocresatelital.com\/index.php?rest_route=\/wp\/v2\/users\/2"}],"replies":[{"embeddable":true,"href":"https:\/\/radiocresatelital.com\/index.php?rest_route=%2Fwp%2Fv2%2Fcomments&post=21166"}],"version-history":[{"count":1,"href":"https:\/\/radiocresatelital.com\/index.php?rest_route=\/wp\/v2\/posts\/21166\/revisions"}],"predecessor-version":[{"id":21168,"href":"https:\/\/radiocresatelital.com\/index.php?rest_route=\/wp\/v2\/posts\/21166\/revisions\/21168"}],"wp:featuredmedia":[{"embeddable":true,"href":"https:\/\/radiocresatelital.com\/index.php?rest_route=\/wp\/v2\/media\/21167"}],"wp:attachment":[{"href":"https:\/\/radiocresatelital.com\/index.php?rest_route=%2Fwp%2Fv2%2Fmedia&parent=21166"}],"wp:term":[{"taxonomy":"category","embeddable":true,"href":"https:\/\/radiocresatelital.com\/index.php?rest_route=%2Fwp%2Fv2%2Fcategories&post=21166"},{"taxonomy":"post_tag","embeddable":true,"href":"https:\/\/radiocresatelital.com\/index.php?rest_route=%2Fwp%2Fv2%2Ftags&post=21166"}],"curies":[{"name":"wp","href":"https:\/\/api.w.org\/{rel}","templated":true}]}}