{"id":21163,"date":"2024-11-21T19:49:18","date_gmt":"2024-11-21T19:49:18","guid":{"rendered":"https:\/\/radiocresatelital.com\/?p=21163"},"modified":"2024-11-21T21:52:33","modified_gmt":"2024-11-21T21:52:33","slug":"hacia-el-2030-avances-y-herramientas-para-fortalecer-la-conservacion-inclusiva-en-el-ecuador","status":"publish","type":"post","link":"https:\/\/radiocresatelital.com\/?p=21163","title":{"rendered":"Hacia el 2030: Avances y herramientas para fortalecer la conservaci\u00f3n inclusiva en el Ecuador"},"content":{"rendered":"<p>Quito.- El Fondo Mundial para la Naturaleza conocido como (WWF) por sus siglas en ingl\u00e9s, junto al Ministerio del Ambiente, Agua y Transici\u00f3n Ecol\u00f3gica (MAATE), el Consorcio de Gobiernos Provinciales del Ecuador (CONGOPE), la Asociaci\u00f3n de Municipalidades del Ecuador (AME), organizaciones representativas ind\u00edgenas y de la sociedad civil\u00a0 ratificaron su compromiso por promover la conservaci\u00f3n en el pa\u00eds en el marco de \u00a0la Meta 30&#215;30. Este esfuerzo resalta la importancia de la conservaci\u00f3n inclusiva, la inversi\u00f3n en sostenibilidad y el desarrollo de herramientas p\u00fablicas para proteger la biodiversidad.<\/p>\n<p>La Meta 30&#215;30 demanda un compromiso continuo en t\u00e9rminos de pol\u00edticas, financiamiento y log\u00edstica. Invertir en la conservaci\u00f3n de los ecosistemas del Ecuador no s\u00f3lo protege la biodiversidad, sino que tambi\u00e9n respalda la seguridad alimentaria, la salud y la estabilidad clim\u00e1tica del pa\u00eds y el mundo. Esta meta representa una oportunidad para desarrollar un modelo de crecimiento econ\u00f3mico sostenible, en el que el capital natural se convierta en un motor de desarrollo a largo plazo.<\/p>\n<p>Estaban Falcon\u00ed, coordinador del Proyecto Acelerando el Progreso hacia la Meta 30&#215;30 de WWF asegur\u00f3 que \u201cuno de los mayores logros en materia de innovaci\u00f3n es el desarrollo de herramientas -de acceso libre- para conocer el estado de la biodiversidad en el pa\u00eds. Ahora contamos con plataformas que proporcionan datos actualizados, lo que \u00a0facilitar\u00e1 la toma de decisiones informadas, favoreciendo una conservaci\u00f3n participativa y transparente\u201d. \u00a0La democratizaci\u00f3n de estas herramientas facilita la implementaci\u00f3n de iniciativas de conservaci\u00f3n en todo el pa\u00eds.<\/p>\n<p>La conservaci\u00f3n inclusiva es fundamental en Ecuador, donde los pueblos ind\u00edgenas y las comunidades locales son guardianes esenciales de los ecosistemas y recursos naturales. Integrar sus conocimientos y experiencias en la gesti\u00f3n territorial no solo garantiza un manejo eficaz y respetuoso, sino que tambi\u00e9n promueve un desarrollo basado en los derechos y bienestar social.<\/p>\n<p>La Meta 30&#215;30 es una responsabilidad colectiva que requiere acciones coordinadas, inversi\u00f3n sostenible y herramientas accesibles para todos. Al enfocarse en un desarrollo ambientalmente sostenible, Ecuador avanza hacia un modelo que protege su biodiversidad, mejora la resiliencia de los ecosistemas y promueve el bienestar de sus habitantes, garantizando la sostenibilidad de sus recursos.<strong>\u00a0<\/strong><\/p>\n","protected":false},"excerpt":{"rendered":"<p>Quito.- El Fondo Mundial para la Naturaleza conocido como (WWF) por sus siglas en ingl\u00e9s, junto al Ministerio del Ambiente, Agua y Transici\u00f3n Ecol\u00f3gica (MAATE), el Consorcio de Gobiernos Provinciales del Ecuador (CONGOPE), la Asociaci\u00f3n de Municipalidades del Ecuador (AME), organizaciones representativas ind\u00edgenas y de la sociedad civil\u00a0 ratificaron su compromiso por promover la conservaci\u00f3n [&hellip;]<\/p>\n","protected":false},"author":2,"featured_media":21164,"comment_status":"open","ping_status":"closed","sticky":false,"template":"","format":"standard","meta":{"_jetpack_memberships_contains_paid_content":false,"footnotes":""},"categories":[13],"tags":[2129],"class_list":["post-21163","post","type-post","status-publish","format-standard","has-post-thumbnail","hentry","category-noticias-nacionales","tag-fondo-mundial-para-la-naturaleza"],"jetpack_featured_media_url":"https:\/\/radiocresatelital.com\/wp-content\/uploads\/2024\/11\/WhatsApp-Image-2024-11-21-at-16.04.42.jpeg","jetpack_sharing_enabled":true,"_links":{"self":[{"href":"https:\/\/radiocresatelital.com\/index.php?rest_route=\/wp\/v2\/posts\/21163","targetHints":{"allow":["GET"]}}],"collection":[{"href":"https:\/\/radiocresatelital.com\/index.php?rest_route=\/wp\/v2\/posts"}],"about":[{"href":"https:\/\/radiocresatelital.com\/index.php?rest_route=\/wp\/v2\/types\/post"}],"author":[{"embeddable":true,"href":"https:\/\/radiocresatelital.com\/index.php?rest_route=\/wp\/v2\/users\/2"}],"replies":[{"embeddable":true,"href":"https:\/\/radiocresatelital.com\/index.php?rest_route=%2Fwp%2Fv2%2Fcomments&post=21163"}],"version-history":[{"count":1,"href":"https:\/\/radiocresatelital.com\/index.php?rest_route=\/wp\/v2\/posts\/21163\/revisions"}],"predecessor-version":[{"id":21165,"href":"https:\/\/radiocresatelital.com\/index.php?rest_route=\/wp\/v2\/posts\/21163\/revisions\/21165"}],"wp:featuredmedia":[{"embeddable":true,"href":"https:\/\/radiocresatelital.com\/index.php?rest_route=\/wp\/v2\/media\/21164"}],"wp:attachment":[{"href":"https:\/\/radiocresatelital.com\/index.php?rest_route=%2Fwp%2Fv2%2Fmedia&parent=21163"}],"wp:term":[{"taxonomy":"category","embeddable":true,"href":"https:\/\/radiocresatelital.com\/index.php?rest_route=%2Fwp%2Fv2%2Fcategories&post=21163"},{"taxonomy":"post_tag","embeddable":true,"href":"https:\/\/radiocresatelital.com\/index.php?rest_route=%2Fwp%2Fv2%2Ftags&post=21163"}],"curies":[{"name":"wp","href":"https:\/\/api.w.org\/{rel}","templated":true}]}}