{"id":21143,"date":"2024-11-21T19:16:34","date_gmt":"2024-11-21T19:16:34","guid":{"rendered":"https:\/\/radiocresatelital.com\/?p=21143"},"modified":"2024-11-21T21:21:27","modified_gmt":"2024-11-21T21:21:27","slug":"grupo-coral-de-borkis-cumple-15-anos-y-lanza-dos-nuevos-villancicos-toda-la-creacion-y-tu-eres-mi-fiesta","status":"publish","type":"post","link":"https:\/\/radiocresatelital.com\/?p=21143","title":{"rendered":"Grupo Coral de Borkis cumple 15 a\u00f1os y lanza dos nuevos Villancicos: \u00abToda la creaci\u00f3n\u00bb y \u00abT\u00fa eres mi fiesta\u00bb"},"content":{"rendered":"<p>Guayaquil.- El Grupo Coral de Borkis, \u00edcono de la m\u00fasica navide\u00f1a en Ecuador, conmemor\u00f3 su 15\u00b0 aniversario con el lanzamiento de dos nuevos villancicos in\u00e9ditos: \u00abToda la Creaci\u00f3n\u00bb y \u00abT\u00fa Eres Mi Fiesta\u00bb. El lanzamiento oficial se realiz\u00f3 el pasado 15 de noviembre en un concierto gratuito en el marco de las festividades navide\u00f1as de Plaza Navona y De Prati, donde familias y amantes de la m\u00fasica coral vivieron una experiencia inolvidable cargada de emoci\u00f3n, tradici\u00f3n y esp\u00edritu navide\u00f1o.<\/p>\n<p>El evento, que destac\u00f3 por su impecable puesta en escena, cont\u00f3 con la participaci\u00f3n especial de Maykel, un reconocido artista nacional, quien se uni\u00f3 al talento de los integrantes del Grupo Coral de Borkis y del grupo Querub\u00edn. Este \u00faltimo, conformado por ni\u00f1os entre 6 y 12 a\u00f1os, se sum\u00f3 a la magia de la velada junto a los adolescentes y j\u00f3venes mayores de 14 a\u00f1os que integran el Grupo Coral. Ambos conjuntos interpretaron un repertorio que abarc\u00f3 tanto cl\u00e1sicos navide\u00f1os como nuevas composiciones, transmitiendo un mensaje de paz, amor y devoci\u00f3n.<\/p>\n<p><strong>Nuevos villancicos con mensajes de fe y celebraci\u00f3n<\/strong><br \/>\nToda la Creaci\u00f3n es una composici\u00f3n inspirada en el Salmo 48: \u00abToda la creaci\u00f3n alaba al Se\u00f1or\u00bb, y su letra nos invita a reconocer la grandeza de Dios reflejada en la Navidad. Por su parte, T\u00fa Eres Mi Fiesta nos recuerda que el verdadero centro de esta celebraci\u00f3n es Jes\u00fas, su nacimiento y su amor, por encima de los regalos y tradiciones. Con una impecable producci\u00f3n grabada entre Miami y Ecuador bajo la direcci\u00f3n de Jorge Luis Boh\u00f3rquez, estas canciones no solo enriquecen el repertorio navide\u00f1o de Borkis, sino que tambi\u00e9n renuevan el significado de la Navidad con melod\u00edas y mensajes que inspiran esperanza, fe y uni\u00f3n.<\/p>\n<p>Ambas canciones est\u00e1n disponibles en plataformas musicales como YouTube y Spotify, llevando la magia de la Navidad a una audiencia global. Este proyecto forma parte de La Barca (@labarca.network), la reconocida productora musical de Borkis Entertainment, que ha sido clave en el desarrollo de este repertorio que inspira y renueva el esp\u00edritu navide\u00f1o a\u00f1o tras a\u00f1o.<\/p>\n<p><strong>Una trayectoria de 15 a\u00f1os llevando alegr\u00eda y m\u00fasica<\/strong><br \/>\nDesde su primer \u00e1lbum, Al\u00e9grate es Navidad, lanzado en 2009 y compuesto por 8 canciones originales, los grupos corales de Borkis han mantenido un legado inigualable. A este trabajo inicial le sigui\u00f3 un segundo disco con 9 canciones, adem\u00e1s de varios sencillos que se convirtieron en favoritos del p\u00fablico, como \u00abComo los Reyes\u00bb y \u00abCanto a la Gloria\u00bb.<\/p>\n<p>Durante estos 15 a\u00f1os, m\u00e1s de 300 ni\u00f1os y adolescentes han formado parte de los grupos corales, renov\u00e1ndose cada a\u00f1o. Inician su preparaci\u00f3n en septiembre y dedican meses de ensayo para presentarse en ciudades, escuelas, hospitales y otros espacios comunitarios.<\/p>\n<p>Este compromiso ha permitido que la m\u00fasica navide\u00f1a perdure y evolucione como una tradici\u00f3n viva que re\u00fane a familias y comunidades en torno al arte y la fe.<\/p>\n<p><strong>Un legado que trasciende generaciones<\/strong><br \/>\nLa estructura de los grupos asegura una formaci\u00f3n inclusiva y continua. Querub\u00edn es la puerta de entrada para ni\u00f1os de 6 a 12 a\u00f1os, mientras que el Grupo Coral recibe a adolescentes de 14 a\u00f1os en adelante. Juntos, han creado un repertorio de cerca de 20 canciones que resuenan en los corazones de quienes las escuchan cada Navidad.<\/p>\n<p>Ahora, con el lanzamiento de \u00abToda la Creaci\u00f3n\u00bb y \u00abT\u00fa Eres Mi Fiesta\u00bb, el Grupo Coral de Borkis refuerza su misi\u00f3n de llevar m\u00fasica, paz y mensajes de amor a todos los rincones del pa\u00eds. Ambos villancicos ya est\u00e1n disponibles en plataformas digitales, listos para ser parte de las celebraciones navide\u00f1as de miles de familias.<\/p>\n<p><strong>Un aniversario para recordar<\/strong><br \/>\nEl 15\u00b0 aniversario de \u00abAl\u00e9grate\u00bb no solo celebr\u00f3 el pasado, sino que marc\u00f3 el inicio de una nueva etapa para el Grupo Coral de Borkis. A trav\u00e9s de su m\u00fasica, este grupo contin\u00faa tocando vidas y recordando el verdadero esp\u00edritu de la Navidad: un tiempo de unidad, devoci\u00f3n y alegr\u00eda compartida.<\/p>\n","protected":false},"excerpt":{"rendered":"<p>Guayaquil.- El Grupo Coral de Borkis, \u00edcono de la m\u00fasica navide\u00f1a en Ecuador, conmemor\u00f3 su 15\u00b0 aniversario con el lanzamiento de dos nuevos villancicos in\u00e9ditos: \u00abToda la Creaci\u00f3n\u00bb y \u00abT\u00fa Eres Mi Fiesta\u00bb. El lanzamiento oficial se realiz\u00f3 el pasado 15 de noviembre en un concierto gratuito en el marco de las festividades navide\u00f1as de [&hellip;]<\/p>\n","protected":false},"author":2,"featured_media":21144,"comment_status":"open","ping_status":"closed","sticky":false,"template":"","format":"standard","meta":{"_jetpack_memberships_contains_paid_content":false,"footnotes":""},"categories":[13],"tags":[3329],"class_list":["post-21143","post","type-post","status-publish","format-standard","has-post-thumbnail","hentry","category-noticias-nacionales","tag-grupo-coral-de-borkis"],"jetpack_featured_media_url":"https:\/\/radiocresatelital.com\/wp-content\/uploads\/2024\/11\/WhatsApp-Image-2024-11-21-at-15.49.23.jpeg","jetpack_sharing_enabled":true,"_links":{"self":[{"href":"https:\/\/radiocresatelital.com\/index.php?rest_route=\/wp\/v2\/posts\/21143","targetHints":{"allow":["GET"]}}],"collection":[{"href":"https:\/\/radiocresatelital.com\/index.php?rest_route=\/wp\/v2\/posts"}],"about":[{"href":"https:\/\/radiocresatelital.com\/index.php?rest_route=\/wp\/v2\/types\/post"}],"author":[{"embeddable":true,"href":"https:\/\/radiocresatelital.com\/index.php?rest_route=\/wp\/v2\/users\/2"}],"replies":[{"embeddable":true,"href":"https:\/\/radiocresatelital.com\/index.php?rest_route=%2Fwp%2Fv2%2Fcomments&post=21143"}],"version-history":[{"count":1,"href":"https:\/\/radiocresatelital.com\/index.php?rest_route=\/wp\/v2\/posts\/21143\/revisions"}],"predecessor-version":[{"id":21145,"href":"https:\/\/radiocresatelital.com\/index.php?rest_route=\/wp\/v2\/posts\/21143\/revisions\/21145"}],"wp:featuredmedia":[{"embeddable":true,"href":"https:\/\/radiocresatelital.com\/index.php?rest_route=\/wp\/v2\/media\/21144"}],"wp:attachment":[{"href":"https:\/\/radiocresatelital.com\/index.php?rest_route=%2Fwp%2Fv2%2Fmedia&parent=21143"}],"wp:term":[{"taxonomy":"category","embeddable":true,"href":"https:\/\/radiocresatelital.com\/index.php?rest_route=%2Fwp%2Fv2%2Fcategories&post=21143"},{"taxonomy":"post_tag","embeddable":true,"href":"https:\/\/radiocresatelital.com\/index.php?rest_route=%2Fwp%2Fv2%2Ftags&post=21143"}],"curies":[{"name":"wp","href":"https:\/\/api.w.org\/{rel}","templated":true}]}}