{"id":21135,"date":"2024-11-21T18:38:41","date_gmt":"2024-11-21T18:38:41","guid":{"rendered":"https:\/\/radiocresatelital.com\/?p=21135"},"modified":"2024-11-21T18:38:41","modified_gmt":"2024-11-21T18:38:41","slug":"queremos-una-esmeraldas-con-futuro-con-jovenes-estudiando-y-liderando-con-familias-unidas-afirmo-el-presidente-daniel-noboa-durante-el-aniversario-de-provincializacion-de-esmeraldas","status":"publish","type":"post","link":"https:\/\/radiocresatelital.com\/?p=21135","title":{"rendered":"\u201cQueremos una Esmeraldas con Futuro, con j\u00f3venes estudiando y liderando, con familias unidas\u00bb, afirm\u00f3 el Presidente Daniel Noboa durante el aniversario de provincializaci\u00f3n de Esmeraldas"},"content":{"rendered":"<p>Esmeraldas. \u2013 El Presidente de la Rep\u00fablica, Daniel Noboa Azin, particip\u00f3 en la sesi\u00f3n solemne por los 177 a\u00f1os de provincializaci\u00f3n de Esmeraldas; gesta heroica que consolid\u00f3 pilares s\u00f3lidos de lucha, progreso y libertad. En el marco de este acto, el Primer Mandatario ratific\u00f3: \u201cqueremos una Esmeraldas con futuro, con j\u00f3venes estudiando y liderando, con familias unidas y felices (\u2026). Una Esmeraldas que sea ejemplo de desarrollo sostenible y equidad\u201d.<\/p>\n<p>Durante su intervenci\u00f3n, el Jefe de Estado fue enf\u00e1tico al se\u00f1alar que frente al olvido y corrupci\u00f3n de los gobiernos anteriores, su administraci\u00f3n trabaja con un prop\u00f3sito firme: el progreso de Esmeraldas. En esta l\u00ednea inform\u00f3 las acciones desplegadas en los sectores social, productivo y de seguridad. En educaci\u00f3n, con una inversi\u00f3n de cerca de USD 8 millones, m\u00e1s de 161.000 j\u00f3venes han sido beneficiados con alimentaci\u00f3n, textos y uniformes. Adem\u00e1s, se ha mejorado la infraestructura de 14 institutos educativos.<\/p>\n<p>En salud, se han hecho remodelaciones en el Hospital General Esmeraldas Sur y el Hospital Padre Alberto Buffoni, explic\u00f3 el presidente Noboa, al tiempo que anunci\u00f3 que \u201cestamos trabajando y vamos a definir, con la ayuda y cooperaci\u00f3n internacional, finalmente, el Hospital de Quinind\u00e9\u201d. A ello agreg\u00f3 que, dentro de las acciones en el \u00e1mbito social se aprob\u00f3 el predio de 10.800 metros cuadrados para la construcci\u00f3n de viviendas para las familias afectadas por el sismo de marzo de 2022 y la inundaci\u00f3n de<br \/>\njunio de 2023. \u201cEllos no quedar\u00e1n desamparados\u201d, garantiz\u00f3 el Jefe de Estado.<\/p>\n<p>En cuanto a infraestructura vial, el Mandatario record\u00f3 que la conectividad es clave para el desarrollo. Por ello, indici\u00f3 que con una inversi\u00f3n de USD 23 millones de d\u00f3lares, se da mantenimiento a la carretera Y de Calder\u00f3n \u2013 Y de Borb\u00f3n \u2013 Y de las Pe\u00f1as, de 142 kil\u00f3metros, que une varios cantones.<\/p>\n<p>Precisamente, Diego Zambrano, viceprefecto de Esmeraldas reconoci\u00f3 el respaldo del Ejecutivo para enfrentar desaf\u00edos y construir nuevas oportunidades. \u201cComo autoridades locales tenemos la visi\u00f3n clara: una provincia, inclusiva, segura y prospera, donde cada ciudadano pueda vivir con dignidad y desarrollar su m\u00e1ximo potencial. Con el respaldo del gobierno aspiramos a ser mucho m\u00e1s\u201d.<\/p>\n<p>Del mismo modo, el Presidente de la Rep\u00fablica hizo hincapi\u00e9 en la importancia que reviste la lucha contra la inseguridad en la provincia: \u201cEstamos resolviendo, estamos por buen camino\u201d. Esta afirmaci\u00f3n cont\u00f3 con el respaldo de Roberta Zambrano, prefecta de Esmeraldas, quien reconoci\u00f3 la oportuna decisi\u00f3n de declarar un conflicto armado interno debido a la delincuencia, \u201calgo que no se hab\u00eda visto en la historia\u201d.<\/p>\n<p>Muestra de ello, dijo Zambrano, es que en estas festividades de provincializaci\u00f3n se han efectuado eventos masivos con normalidad y seguridad.<\/p>\n<p>Por todas estas acciones, el Presidente de la Rep\u00fablica recibi\u00f3 la m\u00e1xima condecoraci\u00f3n \u201cPresea 20 de Noviembre &#8211; Prefectura de Esmeraldas\u201d como un reconocimiento a su liderazgo y compromiso con el desarrollo de la provincia y el pa\u00eds.<\/p>\n","protected":false},"excerpt":{"rendered":"<p>Esmeraldas. \u2013 El Presidente de la Rep\u00fablica, Daniel Noboa Azin, particip\u00f3 en la sesi\u00f3n solemne por los 177 a\u00f1os de provincializaci\u00f3n de Esmeraldas; gesta heroica que consolid\u00f3 pilares s\u00f3lidos de lucha, progreso y libertad. En el marco de este acto, el Primer Mandatario ratific\u00f3: \u201cqueremos una Esmeraldas con futuro, con j\u00f3venes estudiando y liderando, con [&hellip;]<\/p>\n","protected":false},"author":2,"featured_media":21136,"comment_status":"open","ping_status":"closed","sticky":false,"template":"","format":"standard","meta":{"_jetpack_memberships_contains_paid_content":false,"footnotes":""},"categories":[13],"tags":[1322],"class_list":["post-21135","post","type-post","status-publish","format-standard","has-post-thumbnail","hentry","category-noticias-nacionales","tag-presidente-daniel-noboa"],"jetpack_featured_media_url":"https:\/\/radiocresatelital.com\/wp-content\/uploads\/2024\/11\/54154007829_539b5b380d_c.jpg","jetpack_sharing_enabled":true,"_links":{"self":[{"href":"https:\/\/radiocresatelital.com\/index.php?rest_route=\/wp\/v2\/posts\/21135","targetHints":{"allow":["GET"]}}],"collection":[{"href":"https:\/\/radiocresatelital.com\/index.php?rest_route=\/wp\/v2\/posts"}],"about":[{"href":"https:\/\/radiocresatelital.com\/index.php?rest_route=\/wp\/v2\/types\/post"}],"author":[{"embeddable":true,"href":"https:\/\/radiocresatelital.com\/index.php?rest_route=\/wp\/v2\/users\/2"}],"replies":[{"embeddable":true,"href":"https:\/\/radiocresatelital.com\/index.php?rest_route=%2Fwp%2Fv2%2Fcomments&post=21135"}],"version-history":[{"count":1,"href":"https:\/\/radiocresatelital.com\/index.php?rest_route=\/wp\/v2\/posts\/21135\/revisions"}],"predecessor-version":[{"id":21137,"href":"https:\/\/radiocresatelital.com\/index.php?rest_route=\/wp\/v2\/posts\/21135\/revisions\/21137"}],"wp:featuredmedia":[{"embeddable":true,"href":"https:\/\/radiocresatelital.com\/index.php?rest_route=\/wp\/v2\/media\/21136"}],"wp:attachment":[{"href":"https:\/\/radiocresatelital.com\/index.php?rest_route=%2Fwp%2Fv2%2Fmedia&parent=21135"}],"wp:term":[{"taxonomy":"category","embeddable":true,"href":"https:\/\/radiocresatelital.com\/index.php?rest_route=%2Fwp%2Fv2%2Fcategories&post=21135"},{"taxonomy":"post_tag","embeddable":true,"href":"https:\/\/radiocresatelital.com\/index.php?rest_route=%2Fwp%2Fv2%2Ftags&post=21135"}],"curies":[{"name":"wp","href":"https:\/\/api.w.org\/{rel}","templated":true}]}}