{"id":211,"date":"2023-06-21T22:34:30","date_gmt":"2023-06-21T22:34:30","guid":{"rendered":"https:\/\/radiocresatelital.com\/?p=211"},"modified":"2023-06-21T22:34:30","modified_gmt":"2023-06-21T22:34:30","slug":"ministerio-de-educacion-presento-el-nuevo-diseno-arquitectonico-para-el-conservatorio-antonio-neumane","status":"publish","type":"post","link":"https:\/\/radiocresatelital.com\/?p=211","title":{"rendered":"Ministerio de Educaci\u00f3n present\u00f3 el nuevo dise\u00f1o arquitect\u00f3nico para el Conservatorio Antonio Neumane"},"content":{"rendered":"<p>Guayaquil.- Mediante rueda de prensa realizada en la ciudad de Guayaquil, la ministra de Educaci\u00f3n, Mar\u00eda Brown P\u00e9rez, present\u00f3 el nuevo dise\u00f1o arquitect\u00f3nico para el Conservatorio Antonio Neumane, instituci\u00f3n que desde 1928 ha brindado a la ni\u00f1ez y juventud la oportunidad de desarrollar su potencial art\u00edstico y adquirir una formaci\u00f3n acad\u00e9mica musical que complemente a su Bachillerato General Unificado.<\/p>\n<p>En su intervenci\u00f3n, la Ministra Brown expuso de manera did\u00e1ctica un video de la propuesta arquitect\u00f3nica y se\u00f1al\u00f3: \u201cEste proyecto ha sido dise\u00f1ado con mucho esfuerzo y dedicaci\u00f3n. Al construir las aulas temporales, el objetivo es unificar a los estudiantes de las dos instituciones. La idea es que est\u00e9n en un solo espacio para mejorar las condiciones temporales en las que est\u00e1n recibiendo clases y para que puedan beneficiarse a mediano plazo de esta nueva obra, que pensamos es realmente lo que requiere un conservatorio. Adem\u00e1s, cuenta con un auditorio que nos permitir\u00e1 mejorar la oferta cultural en Guayaquil y llamar a otros estudiantes para que puedan participar en los eventos y presentaciones art\u00edsticas del naciente Conservatorio Antonio Neumane\u00bb.<\/p>\n<p>Esta instituci\u00f3n oferta Bachillerato en Artes Especialidad M\u00fasica, con los niveles de primero a 11 avo; en la actualidad cuenta con 575 Alumnos en la jornada vespertina y 124 alumnos en jornada matutina, tiene un total de 52 docentes divididos en 17 en jornada matutina y 35 en jornada vespertina.<\/p>\n<p>La autoridad de Educaci\u00f3n tambi\u00e9n enfatiz\u00f3: \u201cEn este momento estamos trabajando en la contrataci\u00f3n de los estudios y la consultor\u00eda para los dise\u00f1os definitivos, los cuales tienen un costo aproximado de 226 mil d\u00f3lares. Este proceso culminar\u00e1 durante nuestra administraci\u00f3n y la construcci\u00f3n del edificio deber\u00e1 continuarse en el a\u00f1o 2024. Adem\u00e1s, esto incluye un financiamiento de inversi\u00f3n en infraestructura educativa que puede ajustar su valor seg\u00fan el estudio realizado.\u201d<\/p>\n<p>El conservatorio ubicado en el centro de la ciudad tiene varios problemas t\u00e9cnicos. La estructura del edificio no es adecuada para su nuevo uso, ya que fue dise\u00f1ado originalmente para oficinas y no puede soportar las cargas y movimientos propios de un colegio o escuela. Adem\u00e1s, el edificio est\u00e1 adosado a otros bloques sin una junta constructiva adecuada, lo que aumenta el riesgo de colapso en caso de un sismo.<\/p>\n<p>Adicionalmente, las instalaciones el\u00e9ctricas, hidrosanitarias y mec\u00e1nicas est\u00e1n completamente afectadas y requieren un redise\u00f1o completo. Tambi\u00e9n es necesario crear nuevas redes, como un sistema contra incendios que no estaba contemplado en el proyecto original.<\/p>\n<p>Por estos motivos, se ha desarrollado un plan para la construcci\u00f3n del moderno edificio para el Conservatorio Antonio Neumane, en un terreno ubicado en la parte posterior de la Unidad Educativa Aguirre Abad, donde se ejecutar\u00e1 la edificaci\u00f3n del nuevo Colegio de Artes Antonio Neumane, que contar\u00e1 con espacios abiertos para la recreaci\u00f3n activa y pasiva de los estudiantes, equipamiento requerido dentro de la instituci\u00f3n como laboratorios, talleres para la implementaci\u00f3n de bachilleratos, con las caracter\u00edsticas necesarias para impartir las clases musicales: construcci\u00f3n de aulas pedag\u00f3gicas, taller de m\u00fasica, \u00e1reas comunes, espacios administrativos y auditorio para la ejecuci\u00f3n de presentaciones musicales de los estudiantes. (ver la propuesta).<\/p>\n<p>El Gobierno del Ecuador, a trav\u00e9s del Ministerio de Educaci\u00f3n, trabaja por la transformaci\u00f3n educativa, fortaleciendo la construcci\u00f3n de nueva infraestructura que brinde espacios adecuados para el aprendizaje del arte para nuestros estudiantes.<\/p>\n","protected":false},"excerpt":{"rendered":"<p>Guayaquil.- Mediante rueda de prensa realizada en la ciudad de Guayaquil, la ministra de Educaci\u00f3n, Mar\u00eda Brown P\u00e9rez, present\u00f3 el nuevo dise\u00f1o arquitect\u00f3nico para el Conservatorio Antonio Neumane, instituci\u00f3n que desde 1928 ha brindado a la ni\u00f1ez y juventud la oportunidad de desarrollar su potencial art\u00edstico y adquirir una formaci\u00f3n acad\u00e9mica musical que complemente a [&hellip;]<\/p>\n","protected":false},"author":2,"featured_media":212,"comment_status":"open","ping_status":"closed","sticky":false,"template":"","format":"standard","meta":{"_jetpack_memberships_contains_paid_content":false,"footnotes":""},"categories":[33,13],"tags":[51],"class_list":["post-211","post","type-post","status-publish","format-standard","has-post-thumbnail","hentry","category-guayaquil","category-noticias-nacionales","tag-conservatorio-antonio-neumane"],"jetpack_featured_media_url":"https:\/\/radiocresatelital.com\/wp-content\/uploads\/2023\/06\/Conservatorio-1.png","jetpack_sharing_enabled":true,"_links":{"self":[{"href":"https:\/\/radiocresatelital.com\/index.php?rest_route=\/wp\/v2\/posts\/211","targetHints":{"allow":["GET"]}}],"collection":[{"href":"https:\/\/radiocresatelital.com\/index.php?rest_route=\/wp\/v2\/posts"}],"about":[{"href":"https:\/\/radiocresatelital.com\/index.php?rest_route=\/wp\/v2\/types\/post"}],"author":[{"embeddable":true,"href":"https:\/\/radiocresatelital.com\/index.php?rest_route=\/wp\/v2\/users\/2"}],"replies":[{"embeddable":true,"href":"https:\/\/radiocresatelital.com\/index.php?rest_route=%2Fwp%2Fv2%2Fcomments&post=211"}],"version-history":[{"count":1,"href":"https:\/\/radiocresatelital.com\/index.php?rest_route=\/wp\/v2\/posts\/211\/revisions"}],"predecessor-version":[{"id":213,"href":"https:\/\/radiocresatelital.com\/index.php?rest_route=\/wp\/v2\/posts\/211\/revisions\/213"}],"wp:featuredmedia":[{"embeddable":true,"href":"https:\/\/radiocresatelital.com\/index.php?rest_route=\/wp\/v2\/media\/212"}],"wp:attachment":[{"href":"https:\/\/radiocresatelital.com\/index.php?rest_route=%2Fwp%2Fv2%2Fmedia&parent=211"}],"wp:term":[{"taxonomy":"category","embeddable":true,"href":"https:\/\/radiocresatelital.com\/index.php?rest_route=%2Fwp%2Fv2%2Fcategories&post=211"},{"taxonomy":"post_tag","embeddable":true,"href":"https:\/\/radiocresatelital.com\/index.php?rest_route=%2Fwp%2Fv2%2Ftags&post=211"}],"curies":[{"name":"wp","href":"https:\/\/api.w.org\/{rel}","templated":true}]}}