{"id":2107,"date":"2023-08-07T21:36:36","date_gmt":"2023-08-07T21:36:36","guid":{"rendered":"https:\/\/radiocresatelital.com\/?p=2107"},"modified":"2023-08-07T21:36:36","modified_gmt":"2023-08-07T21:36:36","slug":"delantero-portugues-goncalo-ramos-llega-al-psg","status":"publish","type":"post","link":"https:\/\/radiocresatelital.com\/?p=2107","title":{"rendered":"Delantero portugu\u00e9s Goncalo Ramos llega al PSG"},"content":{"rendered":"<p class=\"text__text__1FZLe text__dark-grey__3Ml43 text__regular__2N1Xr text__small__1kGq2 body__full_width__ekUdw body__small_body__2vQyf article-body__paragraph__2-BtD\" data-testid=\"paragraph-0\"><span>Par\u00eds.- El PSG ha fichado al delantero de origen portugu\u00e9s Goncalo Ramos que llega del Benfica a pr\u00e9stamo por una temporada con opci\u00f3n de compra, anunci\u00f3 el club de la Ligue 1.<\/span><\/p>\n<p class=\"text__text__1FZLe text__dark-grey__3Ml43 text__regular__2N1Xr text__small__1kGq2 body__full_width__ekUdw body__small_body__2vQyf article-body__paragraph__2-BtD\" data-testid=\"paragraph-1\"><span>\u00abEs un gran orgullo y una inmensa felicidad unirme al Paris Saint-Germain. El PSG es uno de los clubes m\u00e1s grandes del mundo con una de las mejores plantillas\u00bb, dijo el jugador de 22 a\u00f1os en un comunicado.<\/span><\/p>\n<p class=\"text__text__1FZLe text__dark-grey__3Ml43 text__regular__2N1Xr text__small__1kGq2 body__full_width__ekUdw body__small_body__2vQyf article-body__paragraph__2-BtD\" data-testid=\"paragraph-2\"><span>Ramos hizo su debut con el Benfica en 2020 despu\u00e9s de unirse a la academia del club a los 12 a\u00f1os y anot\u00f3 41 goles con 16 asistencias en 106 partidos con los campeones portugueses.<\/span><\/p>\n<p class=\"text__text__1FZLe text__dark-grey__3Ml43 text__regular__2N1Xr text__small__1kGq2 body__full_width__ekUdw body__small_body__2vQyf article-body__paragraph__2-BtD\" data-testid=\"paragraph-3\"><span>Lleg\u00f3\u00a0<\/span><a class=\"text__text__1FZLe text__inherit-color__3208F text__inherit-font__1Y8w3 text__inherit-size__1DZJi link__underline_default__2prE_\" href=\"https:\/\/www.reuters.com\/lifestyle\/sports\/not-even-my-wildest-dreams-three-goal-ramos-stunned-by-portugal-call-up-2022-12-06\/\" data-testid=\"Link\"><span>a<\/span><\/a><span>\u00a0los titulares en su primera apertura en la Copa del Mundo el a\u00f1o pasado con un hat-trick para ayudar a Portugal a alcanzar los cuartos de final despu\u00e9s de tomar el lugar del m\u00e1ximo goleador de todos los tiempos, Cristiano Ronaldo.<\/span><\/p>\n<p class=\"text__text__1FZLe text__dark-grey__3Ml43 text__regular__2N1Xr text__small__1kGq2 body__full_width__ekUdw body__small_body__2vQyf article-body__paragraph__2-BtD\" data-testid=\"paragraph-4\"><span>Ramos se une a los nuevos fichajes Marco Asensio, Milan Skriniar, Lee Kang-in, Hugo Ekitike, Lucas Hern\u00e1ndez y Manuel Ugarte en el PSG, que despidi\u00f3 al entrenador Christophe Galtier en julio y lo reemplaz\u00f3 con el ex entrenador de Barcelona y Espa\u00f1a, Luis Enrique.<\/span><\/p>\n","protected":false},"excerpt":{"rendered":"<p>Par\u00eds.- El PSG ha fichado al delantero de origen portugu\u00e9s Goncalo Ramos que llega del Benfica a pr\u00e9stamo por una temporada con opci\u00f3n de compra, anunci\u00f3 el club de la Ligue 1. \u00abEs un gran orgullo y una inmensa felicidad unirme al Paris Saint-Germain. El PSG es uno de los clubes m\u00e1s grandes del mundo [&hellip;]<\/p>\n","protected":false},"author":2,"featured_media":2108,"comment_status":"open","ping_status":"closed","sticky":false,"template":"","format":"standard","meta":{"_jetpack_memberships_contains_paid_content":false,"footnotes":""},"categories":[7],"tags":[467],"class_list":["post-2107","post","type-post","status-publish","format-standard","has-post-thumbnail","hentry","category-futbol-internacional","tag-goncalo-ramos"],"jetpack_featured_media_url":"https:\/\/radiocresatelital.com\/wp-content\/uploads\/2023\/08\/epalivesix332118.jpg","jetpack_sharing_enabled":true,"_links":{"self":[{"href":"https:\/\/radiocresatelital.com\/index.php?rest_route=\/wp\/v2\/posts\/2107","targetHints":{"allow":["GET"]}}],"collection":[{"href":"https:\/\/radiocresatelital.com\/index.php?rest_route=\/wp\/v2\/posts"}],"about":[{"href":"https:\/\/radiocresatelital.com\/index.php?rest_route=\/wp\/v2\/types\/post"}],"author":[{"embeddable":true,"href":"https:\/\/radiocresatelital.com\/index.php?rest_route=\/wp\/v2\/users\/2"}],"replies":[{"embeddable":true,"href":"https:\/\/radiocresatelital.com\/index.php?rest_route=%2Fwp%2Fv2%2Fcomments&post=2107"}],"version-history":[{"count":1,"href":"https:\/\/radiocresatelital.com\/index.php?rest_route=\/wp\/v2\/posts\/2107\/revisions"}],"predecessor-version":[{"id":2109,"href":"https:\/\/radiocresatelital.com\/index.php?rest_route=\/wp\/v2\/posts\/2107\/revisions\/2109"}],"wp:featuredmedia":[{"embeddable":true,"href":"https:\/\/radiocresatelital.com\/index.php?rest_route=\/wp\/v2\/media\/2108"}],"wp:attachment":[{"href":"https:\/\/radiocresatelital.com\/index.php?rest_route=%2Fwp%2Fv2%2Fmedia&parent=2107"}],"wp:term":[{"taxonomy":"category","embeddable":true,"href":"https:\/\/radiocresatelital.com\/index.php?rest_route=%2Fwp%2Fv2%2Fcategories&post=2107"},{"taxonomy":"post_tag","embeddable":true,"href":"https:\/\/radiocresatelital.com\/index.php?rest_route=%2Fwp%2Fv2%2Ftags&post=2107"}],"curies":[{"name":"wp","href":"https:\/\/api.w.org\/{rel}","templated":true}]}}