{"id":2101,"date":"2023-08-07T21:01:27","date_gmt":"2023-08-07T21:01:27","guid":{"rendered":"https:\/\/radiocresatelital.com\/?p=2101"},"modified":"2023-08-07T21:01:27","modified_gmt":"2023-08-07T21:01:27","slug":"universidad-hemisferios-el-ministerio-del-deporte-y-la-empresa-privada-otorgan-becas-de-estudio-a-deportistas-y-dirigentes-del-pais","status":"publish","type":"post","link":"https:\/\/radiocresatelital.com\/?p=2101","title":{"rendered":"Universidad Hemisferios, el Ministerio del Deporte y la empresa privada, otorgan becas de estudio a deportistas y dirigentes del pa\u00eds"},"content":{"rendered":"<p>Quito.- En un convenio entre el Ministerio del Deporte, la Escuela de Gobierno de la Universidad Hemisferios y empresas del sector privado, hemos desarrollado el programa LIDERAZGO Y EMPODERAMIENTO DEPORTIVO.<\/p>\n<p>El objetivo es formar a deportistas de alto rendimiento del pa\u00eds y a sus dirigentes en temas de comunicaci\u00f3n, liderazgo, manejo de finanzas, \u00e9tica, emprendimiento, empoderamiento, entre otros temas enriquecedores para su crecimiento; con el fin de promover el desarrollo integral de los deportistas.<\/p>\n<p>Este programa proporcionar\u00e1 habilidades y conocimientos \u00fatiles que pueden ser aplicados en la carrera deportiva, as\u00ed como en la vida personal. El Programa de Liderazgo y Empoderamiento Deportivo es gratuito y se desarrollar\u00e1 en una modalidad 100% online y se entregar\u00e1 certificaci\u00f3n de 60 horas acad\u00e9micas avaladas por la Universidad Hemisferios.<\/p>\n<p>La inauguraci\u00f3n del programa se llevar\u00e1 a cabo presencialmente el d\u00eda 8 de agosto del 2023 a las 10h30 locales (15h30 GMT) en el Campus I\u00f1aquito Alto de la UHemisferios, con la presencia del Se\u00f1or Ministro, Sebasti\u00e1n Palacios, deportistas y sus dirigentes, as\u00ed como los representantes de las empresas privadas y autoridades de la Universidad Hemisferios quienes han hecho posible el desarrollo de este proyecto que cuanta con el aval del Incentivo Tributario para el Deporte.<\/p>\n","protected":false},"excerpt":{"rendered":"<p>Quito.- En un convenio entre el Ministerio del Deporte, la Escuela de Gobierno de la Universidad Hemisferios y empresas del sector privado, hemos desarrollado el programa LIDERAZGO Y EMPODERAMIENTO DEPORTIVO. El objetivo es formar a deportistas de alto rendimiento del pa\u00eds y a sus dirigentes en temas de comunicaci\u00f3n, liderazgo, manejo de finanzas, \u00e9tica, emprendimiento, [&hellip;]<\/p>\n","protected":false},"author":2,"featured_media":2102,"comment_status":"open","ping_status":"closed","sticky":false,"template":"","format":"standard","meta":{"_jetpack_memberships_contains_paid_content":false,"footnotes":""},"categories":[9],"tags":[169,466],"class_list":["post-2101","post","type-post","status-publish","format-standard","has-post-thumbnail","hentry","category-deportes","tag-ministerio-del-deporte","tag-universidad-hemisferios"],"jetpack_featured_media_url":"https:\/\/radiocresatelital.com\/wp-content\/uploads\/2023\/08\/mindepo.png","jetpack_sharing_enabled":true,"_links":{"self":[{"href":"https:\/\/radiocresatelital.com\/index.php?rest_route=\/wp\/v2\/posts\/2101","targetHints":{"allow":["GET"]}}],"collection":[{"href":"https:\/\/radiocresatelital.com\/index.php?rest_route=\/wp\/v2\/posts"}],"about":[{"href":"https:\/\/radiocresatelital.com\/index.php?rest_route=\/wp\/v2\/types\/post"}],"author":[{"embeddable":true,"href":"https:\/\/radiocresatelital.com\/index.php?rest_route=\/wp\/v2\/users\/2"}],"replies":[{"embeddable":true,"href":"https:\/\/radiocresatelital.com\/index.php?rest_route=%2Fwp%2Fv2%2Fcomments&post=2101"}],"version-history":[{"count":1,"href":"https:\/\/radiocresatelital.com\/index.php?rest_route=\/wp\/v2\/posts\/2101\/revisions"}],"predecessor-version":[{"id":2103,"href":"https:\/\/radiocresatelital.com\/index.php?rest_route=\/wp\/v2\/posts\/2101\/revisions\/2103"}],"wp:featuredmedia":[{"embeddable":true,"href":"https:\/\/radiocresatelital.com\/index.php?rest_route=\/wp\/v2\/media\/2102"}],"wp:attachment":[{"href":"https:\/\/radiocresatelital.com\/index.php?rest_route=%2Fwp%2Fv2%2Fmedia&parent=2101"}],"wp:term":[{"taxonomy":"category","embeddable":true,"href":"https:\/\/radiocresatelital.com\/index.php?rest_route=%2Fwp%2Fv2%2Fcategories&post=2101"},{"taxonomy":"post_tag","embeddable":true,"href":"https:\/\/radiocresatelital.com\/index.php?rest_route=%2Fwp%2Fv2%2Ftags&post=2101"}],"curies":[{"name":"wp","href":"https:\/\/api.w.org\/{rel}","templated":true}]}}