{"id":20917,"date":"2024-11-15T20:12:42","date_gmt":"2024-11-15T20:12:42","guid":{"rendered":"https:\/\/radiocresatelital.com\/?p=20917"},"modified":"2024-11-15T20:12:42","modified_gmt":"2024-11-15T20:12:42","slug":"hospital-teofilo-davila-realizo-actividades-por-el-dia-mundial-del-nino-prematuro","status":"publish","type":"post","link":"https:\/\/radiocresatelital.com\/?p=20917","title":{"rendered":"Hospital Te\u00f3filo D\u00e1vila realiz\u00f3 actividades por el D\u00eda Mundial del Ni\u00f1o Prematuro"},"content":{"rendered":"<p>Machala.- Durante el acto hubo din\u00e1micas, preguntas y respuestas sobre los embarazos de riesgo y testimonios de padres que tuvieron a sus ni\u00f1os en el \u00e1rea de neonatos y hoy est\u00e1n sanos y fuertes.<\/p>\n<p>Uno de los testimonios es el caso del ni\u00f1o Gadiel Carrasco L\u00f3pez, de padres venezolanos, quien naci\u00f3 el 9 de agosto de 2023 y sus padres regresaron al a\u00f1o tres meses de nacido a esta casa de salud, a dar un testimonio de vida y agradecimiento a los profesionales del \u00e1rea de neonatolog\u00eda.<\/p>\n<p>Gadiel, naci\u00f3 de 25 semanas de gestaci\u00f3n y estuvo hospitalizado seis meses y a pesar que acude peri\u00f3dicamente a sus terapias de prematurez est\u00e1 sano y en buenas condiciones de salud. Por ello sus padres realizan un agradecimiento especial a esta \u00e1rea de neonatolog\u00eda del HTD.<\/p>\n<p>\u201cMuy agradecido de la atenci\u00f3n que recibi\u00f3 nuestro hijo en este hospital. Mi hijo naci\u00f3 con prematurez extrema, pero hoy est\u00e1 muy bien y su crecimiento esta siendo monitoreo permanentemente por los profesionales de este hospital\u201d, dijo N\u00e9stor Carrasco.<\/p>\n<p>Mishell Zurita Pe\u00f1a, directora asistencial, fue parte de este evento en el que se destac\u00f3 el trabajo del \u00e1rea de neonatolog\u00eda en donde existe un equipo multidisciplinario de profesionales que brindan asistencia integral a los neonatos.<\/p>\n","protected":false},"excerpt":{"rendered":"<p>Machala.- Durante el acto hubo din\u00e1micas, preguntas y respuestas sobre los embarazos de riesgo y testimonios de padres que tuvieron a sus ni\u00f1os en el \u00e1rea de neonatos y hoy est\u00e1n sanos y fuertes. Uno de los testimonios es el caso del ni\u00f1o Gadiel Carrasco L\u00f3pez, de padres venezolanos, quien naci\u00f3 el 9 de agosto [&hellip;]<\/p>\n","protected":false},"author":2,"featured_media":20918,"comment_status":"open","ping_status":"closed","sticky":false,"template":"","format":"standard","meta":{"_jetpack_memberships_contains_paid_content":false,"footnotes":""},"categories":[13],"tags":[448],"class_list":["post-20917","post","type-post","status-publish","format-standard","has-post-thumbnail","hentry","category-noticias-nacionales","tag-hospital-teofilo-davila"],"jetpack_featured_media_url":"https:\/\/radiocresatelital.com\/wp-content\/uploads\/2024\/11\/WhatsApp-Image-2024-11-15-at-15.10.17.jpeg","jetpack_sharing_enabled":true,"_links":{"self":[{"href":"https:\/\/radiocresatelital.com\/index.php?rest_route=\/wp\/v2\/posts\/20917","targetHints":{"allow":["GET"]}}],"collection":[{"href":"https:\/\/radiocresatelital.com\/index.php?rest_route=\/wp\/v2\/posts"}],"about":[{"href":"https:\/\/radiocresatelital.com\/index.php?rest_route=\/wp\/v2\/types\/post"}],"author":[{"embeddable":true,"href":"https:\/\/radiocresatelital.com\/index.php?rest_route=\/wp\/v2\/users\/2"}],"replies":[{"embeddable":true,"href":"https:\/\/radiocresatelital.com\/index.php?rest_route=%2Fwp%2Fv2%2Fcomments&post=20917"}],"version-history":[{"count":1,"href":"https:\/\/radiocresatelital.com\/index.php?rest_route=\/wp\/v2\/posts\/20917\/revisions"}],"predecessor-version":[{"id":20919,"href":"https:\/\/radiocresatelital.com\/index.php?rest_route=\/wp\/v2\/posts\/20917\/revisions\/20919"}],"wp:featuredmedia":[{"embeddable":true,"href":"https:\/\/radiocresatelital.com\/index.php?rest_route=\/wp\/v2\/media\/20918"}],"wp:attachment":[{"href":"https:\/\/radiocresatelital.com\/index.php?rest_route=%2Fwp%2Fv2%2Fmedia&parent=20917"}],"wp:term":[{"taxonomy":"category","embeddable":true,"href":"https:\/\/radiocresatelital.com\/index.php?rest_route=%2Fwp%2Fv2%2Fcategories&post=20917"},{"taxonomy":"post_tag","embeddable":true,"href":"https:\/\/radiocresatelital.com\/index.php?rest_route=%2Fwp%2Fv2%2Ftags&post=20917"}],"curies":[{"name":"wp","href":"https:\/\/api.w.org\/{rel}","templated":true}]}}