{"id":20914,"date":"2024-11-15T20:01:20","date_gmt":"2024-11-15T20:01:20","guid":{"rendered":"https:\/\/radiocresatelital.com\/?p=20914"},"modified":"2024-11-15T20:01:20","modified_gmt":"2024-11-15T20:01:20","slug":"gobernador-fabian-mancheno-lidero-feria-de-seguridad-en-centro-educativo-de-uzhcurrumi","status":"publish","type":"post","link":"https:\/\/radiocresatelital.com\/?p=20914","title":{"rendered":"Gobernador Fabi\u00e1n Mancheno lider\u00f3 Feria de seguridad en Centro Educativo de Uzhcurrumi"},"content":{"rendered":"<p>Machala.- Demostrando que su gesti\u00f3n est\u00e1 enfocada en el trabajo en territorio, el pasado jueves el gobernador de la provincia Fabi\u00e1n Mancheno Izquierdo cumpli\u00f3 agenda en la parroquia Uzhcurrumi del cant\u00f3n Pasaje.<\/p>\n<p>Junto a autoridades cantonales, el Ejecutivo provincial visit\u00f3 la Unidad Educativa Enrique Coello Lecaro, donde particip\u00f3 de una Feria de seguridad ciudadana, espacio donde la Polic\u00eda Nacional se integra con la comunidad y presenta sus servicios y programas para combatir la delincuencia y mantener el orden p\u00fablico.<\/p>\n<p>El gobernador Mancheno, como capit\u00e1n de Polic\u00eda en servicio pasivo comparti\u00f3 junto a los uniformados de la Polic\u00eda Nacional consejos y medidas preventivas de actividades delincuenciales, entre el personal directivo, docente y estudiantes de este centro educativo.<\/p>\n<p>\u201cEstos espacios son sumamente importantes porque como instituciones y representantes del Gobierno Nacional en territorio podemos informar y concienciar a ustedes de la importancia de la seguridad ciudadana e invitarlos a ser parte de la misma, a trav\u00e9s de las denuncias, que incluso pueden ser an\u00f3nimas\u201d, destac\u00f3 el Ejecutivo provincial.<\/p>\n<p>Son 270 ni\u00f1os que se educan en este centro educativo, quienes pudieron compartir con las autoridades e interactuar con los personajes Paquita y Paquito Polic\u00eda, que de forma l\u00fadica les ense\u00f1aron los proyectos y planes de seguridad con los que cuenta la Polic\u00eda Nacional.<\/p>\n","protected":false},"excerpt":{"rendered":"<p>Machala.- Demostrando que su gesti\u00f3n est\u00e1 enfocada en el trabajo en territorio, el pasado jueves el gobernador de la provincia Fabi\u00e1n Mancheno Izquierdo cumpli\u00f3 agenda en la parroquia Uzhcurrumi del cant\u00f3n Pasaje. Junto a autoridades cantonales, el Ejecutivo provincial visit\u00f3 la Unidad Educativa Enrique Coello Lecaro, donde particip\u00f3 de una Feria de seguridad ciudadana, espacio [&hellip;]<\/p>\n","protected":false},"author":2,"featured_media":20915,"comment_status":"open","ping_status":"closed","sticky":false,"template":"","format":"standard","meta":{"_jetpack_memberships_contains_paid_content":false,"footnotes":""},"categories":[13],"tags":[3270],"class_list":["post-20914","post","type-post","status-publish","format-standard","has-post-thumbnail","hentry","category-noticias-nacionales","tag-gobernador-fabian-mancheno"],"jetpack_featured_media_url":"https:\/\/radiocresatelital.com\/wp-content\/uploads\/2024\/11\/Zona-7-obras-9.png","jetpack_sharing_enabled":true,"_links":{"self":[{"href":"https:\/\/radiocresatelital.com\/index.php?rest_route=\/wp\/v2\/posts\/20914","targetHints":{"allow":["GET"]}}],"collection":[{"href":"https:\/\/radiocresatelital.com\/index.php?rest_route=\/wp\/v2\/posts"}],"about":[{"href":"https:\/\/radiocresatelital.com\/index.php?rest_route=\/wp\/v2\/types\/post"}],"author":[{"embeddable":true,"href":"https:\/\/radiocresatelital.com\/index.php?rest_route=\/wp\/v2\/users\/2"}],"replies":[{"embeddable":true,"href":"https:\/\/radiocresatelital.com\/index.php?rest_route=%2Fwp%2Fv2%2Fcomments&post=20914"}],"version-history":[{"count":1,"href":"https:\/\/radiocresatelital.com\/index.php?rest_route=\/wp\/v2\/posts\/20914\/revisions"}],"predecessor-version":[{"id":20916,"href":"https:\/\/radiocresatelital.com\/index.php?rest_route=\/wp\/v2\/posts\/20914\/revisions\/20916"}],"wp:featuredmedia":[{"embeddable":true,"href":"https:\/\/radiocresatelital.com\/index.php?rest_route=\/wp\/v2\/media\/20915"}],"wp:attachment":[{"href":"https:\/\/radiocresatelital.com\/index.php?rest_route=%2Fwp%2Fv2%2Fmedia&parent=20914"}],"wp:term":[{"taxonomy":"category","embeddable":true,"href":"https:\/\/radiocresatelital.com\/index.php?rest_route=%2Fwp%2Fv2%2Fcategories&post=20914"},{"taxonomy":"post_tag","embeddable":true,"href":"https:\/\/radiocresatelital.com\/index.php?rest_route=%2Fwp%2Fv2%2Ftags&post=20914"}],"curies":[{"name":"wp","href":"https:\/\/api.w.org\/{rel}","templated":true}]}}