{"id":2089,"date":"2023-08-07T17:38:25","date_gmt":"2023-08-07T17:38:25","guid":{"rendered":"https:\/\/radiocresatelital.com\/?p=2089"},"modified":"2023-08-07T17:38:25","modified_gmt":"2023-08-07T17:38:25","slug":"secretario-juridico-de-la-presidencia-recibe-la-propuesta-de-reforma-al-sistema-de-pensiones","status":"publish","type":"post","link":"https:\/\/radiocresatelital.com\/?p=2089","title":{"rendered":"Secretario Jur\u00eddico de la Presidencia recibe la propuesta de Reforma al Sistema de Pensiones"},"content":{"rendered":"<p>Quito.- El Secretario Jur\u00eddico de la Presidencia, Juan Pablo Ortiz, recibi\u00f3 en el Palacio de Gobierno, el Informe de Recomendaciones y la propuesta de Anteproyecto de Ley para reformar el Sistema de Pensiones, elaborado por la Comisi\u00f3n Interdisciplinaria, ciudadana e independiente.<br \/>\nAnte las graves falencias que actualmente presenta el sistema de pensiones del Ecuador, hay la necesidad de plantear soluciones sostenibles y que precautelen los derechos de afiliados es fundamental.<\/p>\n<p>\u201cEs un proyecto que est\u00e1bamos esperando y es de suma importancia, por cuanto el sistema de seguridad social est\u00e1 caduco y se requiere modernizarlo, no solo para quienes est\u00e1n afiliados, sino tambi\u00e9n para las futuras generaciones\u201d, dijo el Secretario Jur\u00eddico.<\/p>\n<p>Los documentos los entregaron los comisionados Pablo Lucio Paredes y Andr\u00e9s Hidalgo, que se encuentran publicados en la siguiente direcci\u00f3n:<br \/>\nhttps:\/\/jubilacionsegura.ec\/.<\/p>\n<p>La propuesta ser\u00e1 revisada bajo criterios t\u00e9cnicos, jur\u00eddicos y de responsabilidad social por el Ejecutivo para evaluar los aportes que pueden ser incluidos en una reforma integral en beneficio de los ecuatorianos.<\/p>\n","protected":false},"excerpt":{"rendered":"<p>Quito.- El Secretario Jur\u00eddico de la Presidencia, Juan Pablo Ortiz, recibi\u00f3 en el Palacio de Gobierno, el Informe de Recomendaciones y la propuesta de Anteproyecto de Ley para reformar el Sistema de Pensiones, elaborado por la Comisi\u00f3n Interdisciplinaria, ciudadana e independiente. Ante las graves falencias que actualmente presenta el sistema de pensiones del Ecuador, hay [&hellip;]<\/p>\n","protected":false},"author":2,"featured_media":2090,"comment_status":"open","ping_status":"closed","sticky":false,"template":"","format":"standard","meta":{"_jetpack_memberships_contains_paid_content":false,"footnotes":""},"categories":[13],"tags":[152,463],"class_list":["post-2089","post","type-post","status-publish","format-standard","has-post-thumbnail","hentry","category-noticias-nacionales","tag-presidencia-republica","tag-secretario-juridico"],"jetpack_featured_media_url":"https:\/\/radiocresatelital.com\/wp-content\/uploads\/2023\/08\/palacio_carondelet_ecuador.jpg","jetpack_sharing_enabled":true,"_links":{"self":[{"href":"https:\/\/radiocresatelital.com\/index.php?rest_route=\/wp\/v2\/posts\/2089","targetHints":{"allow":["GET"]}}],"collection":[{"href":"https:\/\/radiocresatelital.com\/index.php?rest_route=\/wp\/v2\/posts"}],"about":[{"href":"https:\/\/radiocresatelital.com\/index.php?rest_route=\/wp\/v2\/types\/post"}],"author":[{"embeddable":true,"href":"https:\/\/radiocresatelital.com\/index.php?rest_route=\/wp\/v2\/users\/2"}],"replies":[{"embeddable":true,"href":"https:\/\/radiocresatelital.com\/index.php?rest_route=%2Fwp%2Fv2%2Fcomments&post=2089"}],"version-history":[{"count":1,"href":"https:\/\/radiocresatelital.com\/index.php?rest_route=\/wp\/v2\/posts\/2089\/revisions"}],"predecessor-version":[{"id":2091,"href":"https:\/\/radiocresatelital.com\/index.php?rest_route=\/wp\/v2\/posts\/2089\/revisions\/2091"}],"wp:featuredmedia":[{"embeddable":true,"href":"https:\/\/radiocresatelital.com\/index.php?rest_route=\/wp\/v2\/media\/2090"}],"wp:attachment":[{"href":"https:\/\/radiocresatelital.com\/index.php?rest_route=%2Fwp%2Fv2%2Fmedia&parent=2089"}],"wp:term":[{"taxonomy":"category","embeddable":true,"href":"https:\/\/radiocresatelital.com\/index.php?rest_route=%2Fwp%2Fv2%2Fcategories&post=2089"},{"taxonomy":"post_tag","embeddable":true,"href":"https:\/\/radiocresatelital.com\/index.php?rest_route=%2Fwp%2Fv2%2Ftags&post=2089"}],"curies":[{"name":"wp","href":"https:\/\/api.w.org\/{rel}","templated":true}]}}