{"id":20883,"date":"2024-11-15T03:51:02","date_gmt":"2024-11-15T03:51:02","guid":{"rendered":"https:\/\/radiocresatelital.com\/?p=20883"},"modified":"2024-11-15T03:51:02","modified_gmt":"2024-11-15T03:51:02","slug":"presidente-daniel-noboa-y-el-rey-felipe-vi-destacaron-el-potencial-juvenil-en-el-xv-encuentro-empresarial-iberoamericano-celebrado-en-cuenca","status":"publish","type":"post","link":"https:\/\/radiocresatelital.com\/?p=20883","title":{"rendered":"Presidente Daniel Noboa y el Rey Felipe VI destacaron el potencial juvenil en el XV encuentro empresarial iberoamericano celebrado en Cuenca"},"content":{"rendered":"<p>Cuenca.- La tarde de este 14 de noviembre, Cuenca, ciudad declarada Patrimonio Cultural de la Humanidad, fue sede del XV Encuentro Empresarial Iberoamericano. Este evento reuni\u00f3 a cientos de empresarios de Iberoam\u00e9rica y cont\u00f3 con la participaci\u00f3n del rey de Espa\u00f1a, Felipe VI, Jefes de Estado y delegaciones presidenciales. Su prop\u00f3sito fue analizar y comprometer la implementaci\u00f3n de acciones para dinamizar la econom\u00eda y fomentar la creaci\u00f3n de empleo, con un \u00e9nfasis particular en la generaci\u00f3n de oportunidades para los j\u00f3venes.<\/p>\n<p>Durante su intervenci\u00f3n, el presidente Noboa, como l\u00edder anfitri\u00f3n del evento, subray\u00f3 que \u201ceste es el momento propicio para fortalecer y buscar alianzas estrat\u00e9gicas internacionales, que nos permitan enfrentar los desaf\u00edos con respuestas conjuntas y colaborativas\u201d. Esto, tras recalcar que, seg\u00fan datos de la OIT del 2023, en Am\u00e9rica Latina y el Caribe la tasa de desempleo juvenil asciende a m\u00e1s del 20 %.<\/p>\n<p>\u201cLa empleabilidad juvenil en Iberoam\u00e9rica se ha convertido en una prioridad ineludible\u201d, acot\u00f3 Andr\u00e9s Allamand, secretario General Iberoamericano, quien destac\u00f3 el \u201cManifiesto por la Empleabilidad\u201d, un compromiso derivado de este importante encuentro y suscrito por 25 organizaciones de la Confederaci\u00f3n Iberoamericana de Empresarios.<\/p>\n<p>El documento recoge 10 compromisos, entre los que destaca el fortalecimiento del di\u00e1logo y las alianzas con el sector educativo a fin de mejorar la inserci\u00f3n laboral de los j\u00f3venes y el desarrollo de habilidades relevantes para el mercado laboral. Tambi\u00e9n se incluye el apoyo a los sistemas de educaci\u00f3n dual, que combinan la formaci\u00f3n en el aula con la experiencia pr\u00e1ctica en las empresas. Adem\u00e1s, se propone el impulso de programas que favorezcan el acceso al primer empleo, as\u00ed como el fomento de alianzas p\u00fablico-privadas y pol\u00edticas que promuevan la inserci\u00f3n laboral de colectivos vulnerables.<\/p>\n<p>A ello, se agregan estrategias orientadas al emprendimiento, a trav\u00e9s de programas de incubaci\u00f3n y gesti\u00f3n empresarial, dando paso a nuevas oportunidades; y la generaci\u00f3n de un entorno de empleo digno y acceso a seguridad social, entre otros.<\/p>\n<p>Al respecto, el Primer Mandatario manifest\u00f3 que dicha iniciativa \u201cmarc\u00f3 un punto de inflexi\u00f3n para abordar los retos econ\u00f3micos que enfrenta la regi\u00f3n, que esperamos contribuya a la estabilidad social y a la reducci\u00f3n de la pobreza\u201d. Precisamente, la administraci\u00f3n del presidente Noboa ha colocado a los j\u00f3venes en el centro de la pol\u00edtica p\u00fabica, pues junto con el sector productivo son el motor del crecimiento econ\u00f3mico.<\/p>\n<p>El rey de Espa\u00f1a, Felipe VI, destac\u00f3 que estos encuentros empresariales no solo reflejan el enorme potencial de la comunidad iberoamericana, sino tambi\u00e9n la necesidad de fortalecer los lazos de cooperaci\u00f3n que promuevan el desarrollo sostenible y la innovaci\u00f3n en cada uno de los pa\u00edses de la regi\u00f3n. \u201cLas nuevas generaciones son el motor de nuestras sociedades, y debemos asegurarnos de que tengan las herramientas necesarias para afrontar los desaf\u00edos del presente y del futuro\u201d, enfatiz\u00f3<\/p>\n<p>Durante este encuentro, tambi\u00e9n se llev\u00f3 a cabo el traspaso de la Presidencia Pro Tempore del Consejo de Empresarios Iberoamericanos a Antonio Garamendi, presidente de la Confederaci\u00f3n Espa\u00f1ola de Organizaciones Empresariales, en representaci\u00f3n del sector empresarial espa\u00f1ol.<\/p>\n<p>Esta instituci\u00f3n ser\u00e1 la encargada de organizar el XVI Encuentro Empresarial Iberoamericano, junto con la Secretar\u00eda General Iberoamericana (SEGIB) y el Consejo de Empresarios Iberoamericanos (CEIB), que se celebrar\u00e1 en Espa\u00f1a como pa\u00eds anfitri\u00f3n de la XXX Cumbre Iberoamericana de Jefes de Estado y de Gobierno.<\/p>\n<p>El presidente Daniel Noboa concluy\u00f3 este encuentro empresarial destacando el compromiso de su gobierno por impulsar la cooperaci\u00f3n y concertaci\u00f3n pol\u00edtica que signifique un futuro m\u00e1s justo, equitativo e inclusivo. \u201cDebemos trabajar en conjunto para la integraci\u00f3n regional, energ\u00e9tica, cultural y empresarial. Debemos crear un marco con condiciones m\u00ednimas para que exista ese tipo de cooperaci\u00f3n y todos trabajar hacia una sola direcci\u00f3n, que es el mejoramiento de nuestros pueblos\u201d.<\/p>\n","protected":false},"excerpt":{"rendered":"<p>Cuenca.- La tarde de este 14 de noviembre, Cuenca, ciudad declarada Patrimonio Cultural de la Humanidad, fue sede del XV Encuentro Empresarial Iberoamericano. Este evento reuni\u00f3 a cientos de empresarios de Iberoam\u00e9rica y cont\u00f3 con la participaci\u00f3n del rey de Espa\u00f1a, Felipe VI, Jefes de Estado y delegaciones presidenciales. Su prop\u00f3sito fue analizar y comprometer [&hellip;]<\/p>\n","protected":false},"author":2,"featured_media":20884,"comment_status":"open","ping_status":"closed","sticky":false,"template":"","format":"standard","meta":{"_jetpack_memberships_contains_paid_content":false,"footnotes":""},"categories":[13],"tags":[3301],"class_list":["post-20883","post","type-post","status-publish","format-standard","has-post-thumbnail","hentry","category-noticias-nacionales","tag-xv-encuentro-empresarial-iberoamericano"],"jetpack_featured_media_url":"https:\/\/radiocresatelital.com\/wp-content\/uploads\/2024\/11\/54140776523_688d763f67_c.jpg","jetpack_sharing_enabled":true,"_links":{"self":[{"href":"https:\/\/radiocresatelital.com\/index.php?rest_route=\/wp\/v2\/posts\/20883","targetHints":{"allow":["GET"]}}],"collection":[{"href":"https:\/\/radiocresatelital.com\/index.php?rest_route=\/wp\/v2\/posts"}],"about":[{"href":"https:\/\/radiocresatelital.com\/index.php?rest_route=\/wp\/v2\/types\/post"}],"author":[{"embeddable":true,"href":"https:\/\/radiocresatelital.com\/index.php?rest_route=\/wp\/v2\/users\/2"}],"replies":[{"embeddable":true,"href":"https:\/\/radiocresatelital.com\/index.php?rest_route=%2Fwp%2Fv2%2Fcomments&post=20883"}],"version-history":[{"count":1,"href":"https:\/\/radiocresatelital.com\/index.php?rest_route=\/wp\/v2\/posts\/20883\/revisions"}],"predecessor-version":[{"id":20885,"href":"https:\/\/radiocresatelital.com\/index.php?rest_route=\/wp\/v2\/posts\/20883\/revisions\/20885"}],"wp:featuredmedia":[{"embeddable":true,"href":"https:\/\/radiocresatelital.com\/index.php?rest_route=\/wp\/v2\/media\/20884"}],"wp:attachment":[{"href":"https:\/\/radiocresatelital.com\/index.php?rest_route=%2Fwp%2Fv2%2Fmedia&parent=20883"}],"wp:term":[{"taxonomy":"category","embeddable":true,"href":"https:\/\/radiocresatelital.com\/index.php?rest_route=%2Fwp%2Fv2%2Fcategories&post=20883"},{"taxonomy":"post_tag","embeddable":true,"href":"https:\/\/radiocresatelital.com\/index.php?rest_route=%2Fwp%2Fv2%2Ftags&post=20883"}],"curies":[{"name":"wp","href":"https:\/\/api.w.org\/{rel}","templated":true}]}}