{"id":20851,"date":"2024-11-14T21:29:08","date_gmt":"2024-11-14T21:29:08","guid":{"rendered":"https:\/\/radiocresatelital.com\/?p=20851"},"modified":"2024-11-14T21:29:08","modified_gmt":"2024-11-14T21:29:08","slug":"mies-y-upse-firman-convenio-para-garantizar-atencion-y-cuidados-para-alrededor-de-1-000-ninas-y-ninos-de-santa-elena-y-la-libertad","status":"publish","type":"post","link":"https:\/\/radiocresatelital.com\/?p=20851","title":{"rendered":"MIES y UPSE firman convenio para garantizar atenci\u00f3n y cuidados para alrededor de 1.000 ni\u00f1as y ni\u00f1os de Santa Elena y La Libertad"},"content":{"rendered":"<p>El Ministerio de Inclusi\u00f3n Econ\u00f3mica y Social (MIES) y la Universidad Pen\u00ednsula de Santa Elena (UPSE), a trav\u00e9s de la Empresa P\u00fablica de Obras, Bienes y Servicios Santa Elena EP, firmaron un convenio de cooperaci\u00f3n t\u00e9cnico \u2013 econ\u00f3mica por m\u00e1s de USD 169 mil, con el objetivo de garantizar atenci\u00f3n y servicios para 936 ni\u00f1as y ni\u00f1os, de los cantones Santa Elena y La Libertad, a trav\u00e9s de 26 centros de desarrollo infantil.<\/p>\n<p>La firma de este acuerdo interinstitucional se efectu\u00f3 este mi\u00e9rcoles 13 de noviembre, en el auditorio de esta instituci\u00f3n de educaci\u00f3n superior, con la presencia de la ministra de Inclusi\u00f3n Econ\u00f3mica y Social, Zaida Rovira Jurado, el rector de la UPSE, N\u00e9stor Acosta, el gerente de la Empresa P\u00fablica Santa Elena EP, Joe Espinoza, y el coordinador de la zona 5 del MIES, Luis Gonz\u00e1lez.<\/p>\n<p>En su intervenci\u00f3n, la ministra Rovira se\u00f1al\u00f3 que para el Gobierno del presidente Daniel Noboa el aporte que se hace desde la academia para la generaci\u00f3n de pol\u00edticas p\u00fablicas es muy importante, porque permite abordar desaf\u00edos y desarrollar programas sociales que, como en este caso, beneficiar\u00e1n a ni\u00f1as y ni\u00f1os en primera infancia, especialmente a quienes est\u00e1n en situaci\u00f3n de pobreza y pobreza extrema.<\/p>\n<p>\u201cEs la primera vez que el MIES suscribe un convenio con la academia para la administraci\u00f3n y direcci\u00f3n de los centros de desarrollo infantil\u201d, se\u00f1al\u00f3 la ministra Rovira; quien agreg\u00f3 que el principal compromiso del Gobierno Nacional es garantizar el adecuado desarrollo infantil de ni\u00f1as y ni\u00f1os, especialmente durante sus primeros 1.000 d\u00edas vida.<\/p>\n<p>Por su parte, el rector Acosta resalt\u00f3 esta articulaci\u00f3n y se\u00f1al\u00f3 que para su instituci\u00f3n es muy importante apoyar e impulsar iniciativas que mejoren la calidad de vida de las personas m\u00e1s vulnerables. Asimismo, dijo que este convenio permitir\u00e1 que estudiantes de carreras afines como Gesti\u00f3n de Desarrollo Infantil Comunitario o Psicolog\u00eda puedan hacer sus pasant\u00edas en los servicios de desarrollo infantil del MIES y aportar sus conocimientos en beneficio de la ni\u00f1ez.<\/p>\n<p>A este acuerdo interinstitucional tambi\u00e9n asistieron madres de familia; una de ellas fue Carmen Armijos, quien vive en el barrio Las Palmeras del cant\u00f3n La Libertad y que reconoci\u00f3 que, gracias al apoyo del MIES y el convenio con UPSE, se garantiza que cientos de ni\u00f1as y ni\u00f1os reciban atenci\u00f3n y servicios para su adecuado desarrollo infantil.<\/p>\n<p>Este convenio permitir\u00e1 que ambas instituciones trabajen de manera conjunta en el dise\u00f1o, ejecuci\u00f3n y mejora de los servicios de atenci\u00f3n integral para la primera infancia y beneficiar con servicios de calidad a la ni\u00f1ez de los dos cantones antes se\u00f1alados.<\/p>\n<p>Actualmente, el MIES atiende a alrededor de 9.800 ni\u00f1as y ni\u00f1os, de 0 a 3 a\u00f1os, con sus servicios de desarrollo infantil integral en la provincia de Santa Elena, en las modalidades centros de desarrollo infantil y creciendo con nuestros hijos, para lo cual ha hecho una inversi\u00f3n de alrededor de USD 5.3 millones.<\/p>\n","protected":false},"excerpt":{"rendered":"<p>El Ministerio de Inclusi\u00f3n Econ\u00f3mica y Social (MIES) y la Universidad Pen\u00ednsula de Santa Elena (UPSE), a trav\u00e9s de la Empresa P\u00fablica de Obras, Bienes y Servicios Santa Elena EP, firmaron un convenio de cooperaci\u00f3n t\u00e9cnico \u2013 econ\u00f3mica por m\u00e1s de USD 169 mil, con el objetivo de garantizar atenci\u00f3n y servicios para 936 ni\u00f1as [&hellip;]<\/p>\n","protected":false},"author":2,"featured_media":20852,"comment_status":"open","ping_status":"closed","sticky":false,"template":"","format":"standard","meta":{"_jetpack_memberships_contains_paid_content":false,"footnotes":""},"categories":[13],"tags":[237],"class_list":["post-20851","post","type-post","status-publish","format-standard","has-post-thumbnail","hentry","category-noticias-nacionales","tag-ministerio-de-inclusion-economica-y-social"],"jetpack_featured_media_url":"https:\/\/radiocresatelital.com\/wp-content\/uploads\/2024\/11\/Convenio-MIES-y-UPSE.jpg","jetpack_sharing_enabled":true,"_links":{"self":[{"href":"https:\/\/radiocresatelital.com\/index.php?rest_route=\/wp\/v2\/posts\/20851","targetHints":{"allow":["GET"]}}],"collection":[{"href":"https:\/\/radiocresatelital.com\/index.php?rest_route=\/wp\/v2\/posts"}],"about":[{"href":"https:\/\/radiocresatelital.com\/index.php?rest_route=\/wp\/v2\/types\/post"}],"author":[{"embeddable":true,"href":"https:\/\/radiocresatelital.com\/index.php?rest_route=\/wp\/v2\/users\/2"}],"replies":[{"embeddable":true,"href":"https:\/\/radiocresatelital.com\/index.php?rest_route=%2Fwp%2Fv2%2Fcomments&post=20851"}],"version-history":[{"count":1,"href":"https:\/\/radiocresatelital.com\/index.php?rest_route=\/wp\/v2\/posts\/20851\/revisions"}],"predecessor-version":[{"id":20853,"href":"https:\/\/radiocresatelital.com\/index.php?rest_route=\/wp\/v2\/posts\/20851\/revisions\/20853"}],"wp:featuredmedia":[{"embeddable":true,"href":"https:\/\/radiocresatelital.com\/index.php?rest_route=\/wp\/v2\/media\/20852"}],"wp:attachment":[{"href":"https:\/\/radiocresatelital.com\/index.php?rest_route=%2Fwp%2Fv2%2Fmedia&parent=20851"}],"wp:term":[{"taxonomy":"category","embeddable":true,"href":"https:\/\/radiocresatelital.com\/index.php?rest_route=%2Fwp%2Fv2%2Fcategories&post=20851"},{"taxonomy":"post_tag","embeddable":true,"href":"https:\/\/radiocresatelital.com\/index.php?rest_route=%2Fwp%2Fv2%2Ftags&post=20851"}],"curies":[{"name":"wp","href":"https:\/\/api.w.org\/{rel}","templated":true}]}}