{"id":20848,"date":"2024-11-14T21:18:36","date_gmt":"2024-11-14T21:18:36","guid":{"rendered":"https:\/\/radiocresatelital.com\/?p=20848"},"modified":"2024-11-14T21:18:36","modified_gmt":"2024-11-14T21:18:36","slug":"siete-prefectos-firman-acuerdo-para-recuperar-la-cuenca-del-rio-guayas-a-traves-de-mancomunidad","status":"publish","type":"post","link":"https:\/\/radiocresatelital.com\/?p=20848","title":{"rendered":"Siete Prefectos firman acuerdo para recuperar la cuenca del r\u00edo Guayas a trav\u00e9s de mancomunidad"},"content":{"rendered":"<p><span style=\"font-weight: 400;\">Guayaquil.- \u00a1Hist\u00f3rico! Los prefectos An\u00edbal Coronel, de Bol\u00edvar; Marcelo Jaramillo, de Ca\u00f1ar; Hermel Tayupanda, de Chimborazo; Johnny Ter\u00e1n, de Los R\u00edos; Leonardo Orlando, de Manab\u00ed; y, Carlos Landeta (s), de Santo Domingo de los Ts\u00e1chilas, respondieron al llamado de la prefecta Marcela Agui\u00f1aga, para firmar el Acuerdo para la Recuperaci\u00f3n de la Cuenca H\u00eddrica del r\u00edo Guayas, en el marco del I Foro Provincial de Cambio Clim\u00e1tico 2024.<\/span><\/p>\n<p><span style=\"font-weight: 400;\">\u201cGracias por ser parte de un hecho hist\u00f3rico, nunca antes visto, en un trabajo mancomunado, entre varias prefecturas\u201d, destac\u00f3 Marcela Agui\u00f1aga durante el evento en el que se sell\u00f3 \u201cla gran alianza por el rescate de la cuenca del r\u00edo Guayas, de la cual dependen millones de ecuatorianos\u201d.<\/span><\/p>\n<p><span style=\"font-weight: 400;\">Las siete provincias forman parte de la cuenca alta y baja del r\u00edo Guayas. Seg\u00fan anunci\u00f3 Marcela Agui\u00f1aga, los prefectos tomaron la decisi\u00f3n de formar una mancomunidad, para coordinar acciones, proyectos y levantar recursos econ\u00f3micos para el mantenimiento y la recuperaci\u00f3n de la cuenca; adem\u00e1s, se ejecutar\u00e1n proyectos conjuntos para la restauraci\u00f3n ecol\u00f3gica; el monitoreo y mejor\u00eda de la calidad del agua; reducir los factores de contaminaci\u00f3n; promover mejoras pr\u00e1cticas agr\u00edcolas y ganaderas; e, impulsar campa\u00f1as de conciencia ambiental.<\/span><\/p>\n<p><span style=\"font-weight: 400;\">\u201cEsta alianza nace de la urgencia de la firme convicci\u00f3n que tenemos con el r\u00edo Guayas, con nuestra poblaci\u00f3n, para que no se quede atrapado en promesas, sino que se hagan acciones reales para el mejoramiento de la vida de nuestra gente. Hoy el enfoque ser\u00e1 t\u00e9cnico y sostenible\u201d, expres\u00f3 la ejecutiva guayasense.<\/span><\/p>\n<p><span style=\"font-weight: 400;\">Para Johnny Ter\u00e1n, de Los R\u00edos, la iniciativa concreta un compromiso para resolver la problem\u00e1tica en la cuenca del Guayas. \u201cSi no se hace nada, la crisis va a ser m\u00e1s dura\u201d.<\/span><\/p>\n<p><span style=\"font-weight: 400;\">Hermel Tayupanda, de Chimborazo; An\u00edbal Coronel, de Bol\u00edvar; y, Marcelo Jaramillo, de Ca\u00f1ar, coincidieron en el compromiso de cuidar los p\u00e1ramos. Este \u00faltimo, incluso, mencion\u00f3 que se trabajar\u00e1 con una sola agenda entre las siete provincias y con equipos t\u00e9cnicos.<\/span><\/p>\n<p><span style=\"font-weight: 400;\">Leonardo Orlando, de Manab\u00ed, destac\u00f3 que el acuerdo muestra el compromiso por la sostenibilidad ambiental y un enfoque ecol\u00f3gico en las pr\u00e1cticas productivas de agricultura, ganader\u00eda y piscicultura. \u201cNecesitamos pr\u00e1cticas que promueven la restauraci\u00f3n ecol\u00f3gica\u201d.<\/span><\/p>\n<p><span style=\"font-weight: 400;\">Carlos Landeta, prefecto subrogante de Santo Domingo de los Ts\u00e1chilas, resalt\u00f3 el surgimiento de la mancomunidad, que permitir\u00e1 asignar recursos. \u201cHay que sentar una base y planificar cu\u00e1l es el destino ambiental. Todos los actores tienen que unirse para trabajar juntos\u201d.<\/span><\/p>\n<p><span style=\"font-weight: 400;\">Los siete prefectos acudieron, adem\u00e1s, hasta el islote El Palmar, de cuyo alrededor se est\u00e1 removiendo sedimento a trav\u00e9s de un contrato firmado en la anterior administraci\u00f3n. \u201cSe promocion\u00f3 tanto para decirnos que esa era la salida a la recuperaci\u00f3n del r\u00edo Guayas. \u00a1Cu\u00e1nta infamia! Esa publicitada draga que heredamos, apenas es una de muchas de las acciones que se requieren para recuperar la cuenca h\u00eddrica\u201d, record\u00f3 Marcela Agui\u00f1aga.<\/span><\/p>\n","protected":false},"excerpt":{"rendered":"<p>Guayaquil.- \u00a1Hist\u00f3rico! Los prefectos An\u00edbal Coronel, de Bol\u00edvar; Marcelo Jaramillo, de Ca\u00f1ar; Hermel Tayupanda, de Chimborazo; Johnny Ter\u00e1n, de Los R\u00edos; Leonardo Orlando, de Manab\u00ed; y, Carlos Landeta (s), de Santo Domingo de los Ts\u00e1chilas, respondieron al llamado de la prefecta Marcela Agui\u00f1aga, para firmar el Acuerdo para la Recuperaci\u00f3n de la Cuenca H\u00eddrica del [&hellip;]<\/p>\n","protected":false},"author":2,"featured_media":20849,"comment_status":"open","ping_status":"closed","sticky":false,"template":"","format":"standard","meta":{"_jetpack_memberships_contains_paid_content":false,"footnotes":""},"categories":[13],"tags":[3299,248],"class_list":["post-20848","post","type-post","status-publish","format-standard","has-post-thumbnail","hentry","category-noticias-nacionales","tag-i-foro-provincial-de-cambio-climatico-2024","tag-marcela-aguinaga"],"jetpack_featured_media_url":"https:\/\/radiocresatelital.com\/wp-content\/uploads\/2024\/11\/WhatsApp-Image-2024-11-14-at-12.05.26-2-scaled.jpeg","jetpack_sharing_enabled":true,"_links":{"self":[{"href":"https:\/\/radiocresatelital.com\/index.php?rest_route=\/wp\/v2\/posts\/20848","targetHints":{"allow":["GET"]}}],"collection":[{"href":"https:\/\/radiocresatelital.com\/index.php?rest_route=\/wp\/v2\/posts"}],"about":[{"href":"https:\/\/radiocresatelital.com\/index.php?rest_route=\/wp\/v2\/types\/post"}],"author":[{"embeddable":true,"href":"https:\/\/radiocresatelital.com\/index.php?rest_route=\/wp\/v2\/users\/2"}],"replies":[{"embeddable":true,"href":"https:\/\/radiocresatelital.com\/index.php?rest_route=%2Fwp%2Fv2%2Fcomments&post=20848"}],"version-history":[{"count":1,"href":"https:\/\/radiocresatelital.com\/index.php?rest_route=\/wp\/v2\/posts\/20848\/revisions"}],"predecessor-version":[{"id":20850,"href":"https:\/\/radiocresatelital.com\/index.php?rest_route=\/wp\/v2\/posts\/20848\/revisions\/20850"}],"wp:featuredmedia":[{"embeddable":true,"href":"https:\/\/radiocresatelital.com\/index.php?rest_route=\/wp\/v2\/media\/20849"}],"wp:attachment":[{"href":"https:\/\/radiocresatelital.com\/index.php?rest_route=%2Fwp%2Fv2%2Fmedia&parent=20848"}],"wp:term":[{"taxonomy":"category","embeddable":true,"href":"https:\/\/radiocresatelital.com\/index.php?rest_route=%2Fwp%2Fv2%2Fcategories&post=20848"},{"taxonomy":"post_tag","embeddable":true,"href":"https:\/\/radiocresatelital.com\/index.php?rest_route=%2Fwp%2Fv2%2Ftags&post=20848"}],"curies":[{"name":"wp","href":"https:\/\/api.w.org\/{rel}","templated":true}]}}