{"id":2074,"date":"2023-08-07T16:58:07","date_gmt":"2023-08-07T16:58:07","guid":{"rendered":"https:\/\/radiocresatelital.com\/?p=2074"},"modified":"2023-08-07T17:42:28","modified_gmt":"2023-08-07T17:42:28","slug":"tengo-miedo-alcalde-de-duran-emite-un-conmovedor-mensaje","status":"publish","type":"post","link":"https:\/\/radiocresatelital.com\/?p=2074","title":{"rendered":"Tengo Miedo: Alcalde de Dur\u00e1n emite un conmovedor mensaje"},"content":{"rendered":"<p>Dur\u00e1n.- Dejando al descubierto sus vulnerabilidades, el burgomaestre de Dur\u00e1n, Luis Chonillo, emiti\u00f3 un mensaje conmovedor, donde contrasta sus debilidades como ser humano y sus fortalezas por tratar de generar mejores d\u00edas para el cant\u00f3n Dur\u00e1n.<\/p>\n<p>Chonillo, confiesa que \u00abhay ocasiones que no puede articular palabra que los convenza de trabajar por el bien una sociedad que nos eligio par servirlos, porque tambi\u00e8n tengo miedo, pero lo enfrento d\u00eca a d\u00eca, porque s\u00e8 que hay un prop\u00f2sito superior que es transformar a Dur\u00e1n\u00bb.<\/p>\n<p>El alcalde hizo dos llamados, uno a todos, para seguir adelante en memoria de los que nos dejaron, con las precauciones del caso; y el otro, al gobierno nacional para que brinde las garant\u00ecas no solo a las autoridades de \u00e8ste cant\u00f2n, sino para que todos los alcaldes y alcaldesas puedan trabajar de manera segura por sus ciudades.<\/p>\n","protected":false},"excerpt":{"rendered":"<p>Dur\u00e1n.- Dejando al descubierto sus vulnerabilidades, el burgomaestre de Dur\u00e1n, Luis Chonillo, emiti\u00f3 un mensaje conmovedor, donde contrasta sus debilidades como ser humano y sus fortalezas por tratar de generar mejores d\u00edas para el cant\u00f3n Dur\u00e1n. Chonillo, confiesa que \u00abhay ocasiones que no puede articular palabra que los convenza de trabajar por el bien una [&hellip;]<\/p>\n","protected":false},"author":3,"featured_media":2087,"comment_status":"open","ping_status":"closed","sticky":false,"template":"","format":"standard","meta":{"_jetpack_memberships_contains_paid_content":false,"footnotes":""},"categories":[13],"tags":[464,259],"class_list":["post-2074","post","type-post","status-publish","format-standard","has-post-thumbnail","hentry","category-noticias-nacionales","tag-alcalde-duran","tag-luis-chonillo"],"jetpack_featured_media_url":"https:\/\/radiocresatelital.com\/wp-content\/uploads\/2023\/08\/luis-chonillo.jpeg","jetpack_sharing_enabled":true,"_links":{"self":[{"href":"https:\/\/radiocresatelital.com\/index.php?rest_route=\/wp\/v2\/posts\/2074","targetHints":{"allow":["GET"]}}],"collection":[{"href":"https:\/\/radiocresatelital.com\/index.php?rest_route=\/wp\/v2\/posts"}],"about":[{"href":"https:\/\/radiocresatelital.com\/index.php?rest_route=\/wp\/v2\/types\/post"}],"author":[{"embeddable":true,"href":"https:\/\/radiocresatelital.com\/index.php?rest_route=\/wp\/v2\/users\/3"}],"replies":[{"embeddable":true,"href":"https:\/\/radiocresatelital.com\/index.php?rest_route=%2Fwp%2Fv2%2Fcomments&post=2074"}],"version-history":[{"count":3,"href":"https:\/\/radiocresatelital.com\/index.php?rest_route=\/wp\/v2\/posts\/2074\/revisions"}],"predecessor-version":[{"id":2093,"href":"https:\/\/radiocresatelital.com\/index.php?rest_route=\/wp\/v2\/posts\/2074\/revisions\/2093"}],"wp:featuredmedia":[{"embeddable":true,"href":"https:\/\/radiocresatelital.com\/index.php?rest_route=\/wp\/v2\/media\/2087"}],"wp:attachment":[{"href":"https:\/\/radiocresatelital.com\/index.php?rest_route=%2Fwp%2Fv2%2Fmedia&parent=2074"}],"wp:term":[{"taxonomy":"category","embeddable":true,"href":"https:\/\/radiocresatelital.com\/index.php?rest_route=%2Fwp%2Fv2%2Fcategories&post=2074"},{"taxonomy":"post_tag","embeddable":true,"href":"https:\/\/radiocresatelital.com\/index.php?rest_route=%2Fwp%2Fv2%2Ftags&post=2074"}],"curies":[{"name":"wp","href":"https:\/\/api.w.org\/{rel}","templated":true}]}}