{"id":2070,"date":"2023-08-07T16:24:21","date_gmt":"2023-08-07T16:24:21","guid":{"rendered":"https:\/\/radiocresatelital.com\/?p=2070"},"modified":"2023-08-07T16:43:55","modified_gmt":"2023-08-07T16:43:55","slug":"mujer-se-lanza-de-puente-peatonal","status":"publish","type":"post","link":"https:\/\/radiocresatelital.com\/?p=2070","title":{"rendered":"Mujer se lanza de puente peatonal"},"content":{"rendered":"<p>Guayaquil.- A las 07h21 locales (12h21 GMT), una joven mujer se lanz\u00f3 desde el puente peatonal de La Aurora, en la Ave. Le\u00f3n Febres Cordero, acto que sorprendio y conmovi\u00f3 a todos quienes a esa hora circulaban por esa transitada arteria.<\/p>\n<p>La mujer, vestida con blusa negra y pantalones rojos, estuvo por varios minutos caminando en el paso peatonal, sin que nadie sospechara lo que intentaba hacer. Cuando tom\u00f2 la terrible decisi\u00f2n, cay\u00f2 sobre un tanquero que circulaba por la v\u00eca, lo que produjo una interrupci\u00f2n moment\u00e1nea del tr\u00e1nsito.<\/p>\n<p>Aunque inicialmente se le pod\u00ecan percibir signos vitales, al momento que la ambulancia del Ecu 911 la traslad\u00f2, las se\u00f1ales de vida eran imperceptibles, sin embargo, fue ingresada al Hospital Monte Sina\u00ec<\/p>\n","protected":false},"excerpt":{"rendered":"<p>Guayaquil.- A las 07h21 locales (12h21 GMT), una joven mujer se lanz\u00f3 desde el puente peatonal de La Aurora, en la Ave. Le\u00f3n Febres Cordero, acto que sorprendio y conmovi\u00f3 a todos quienes a esa hora circulaban por esa transitada arteria. La mujer, vestida con blusa negra y pantalones rojos, estuvo por varios minutos caminando [&hellip;]<\/p>\n","protected":false},"author":3,"featured_media":2072,"comment_status":"open","ping_status":"closed","sticky":false,"template":"","format":"standard","meta":{"_jetpack_memberships_contains_paid_content":false,"footnotes":""},"categories":[13],"tags":[462],"class_list":["post-2070","post","type-post","status-publish","format-standard","has-post-thumbnail","hentry","category-noticias-nacionales","tag-suicidio"],"jetpack_featured_media_url":"https:\/\/radiocresatelital.com\/wp-content\/uploads\/2023\/08\/WhatsApp-Image-2023-08-07-at-11.19.23-AM-1.jpeg","jetpack_sharing_enabled":true,"_links":{"self":[{"href":"https:\/\/radiocresatelital.com\/index.php?rest_route=\/wp\/v2\/posts\/2070","targetHints":{"allow":["GET"]}}],"collection":[{"href":"https:\/\/radiocresatelital.com\/index.php?rest_route=\/wp\/v2\/posts"}],"about":[{"href":"https:\/\/radiocresatelital.com\/index.php?rest_route=\/wp\/v2\/types\/post"}],"author":[{"embeddable":true,"href":"https:\/\/radiocresatelital.com\/index.php?rest_route=\/wp\/v2\/users\/3"}],"replies":[{"embeddable":true,"href":"https:\/\/radiocresatelital.com\/index.php?rest_route=%2Fwp%2Fv2%2Fcomments&post=2070"}],"version-history":[{"count":3,"href":"https:\/\/radiocresatelital.com\/index.php?rest_route=\/wp\/v2\/posts\/2070\/revisions"}],"predecessor-version":[{"id":2083,"href":"https:\/\/radiocresatelital.com\/index.php?rest_route=\/wp\/v2\/posts\/2070\/revisions\/2083"}],"wp:featuredmedia":[{"embeddable":true,"href":"https:\/\/radiocresatelital.com\/index.php?rest_route=\/wp\/v2\/media\/2072"}],"wp:attachment":[{"href":"https:\/\/radiocresatelital.com\/index.php?rest_route=%2Fwp%2Fv2%2Fmedia&parent=2070"}],"wp:term":[{"taxonomy":"category","embeddable":true,"href":"https:\/\/radiocresatelital.com\/index.php?rest_route=%2Fwp%2Fv2%2Fcategories&post=2070"},{"taxonomy":"post_tag","embeddable":true,"href":"https:\/\/radiocresatelital.com\/index.php?rest_route=%2Fwp%2Fv2%2Ftags&post=2070"}],"curies":[{"name":"wp","href":"https:\/\/api.w.org\/{rel}","templated":true}]}}